{"id":50528,"date":"2025-07-08T01:00:00","date_gmt":"2025-07-07T23:00:00","guid":{"rendered":"https:\/\/www.snowtrex.de\/magazin\/?p=50528"},"modified":"2026-04-20T14:41:49","modified_gmt":"2026-04-20T12:41:49","slug":"langlauf-weltcup","status":"publish","type":"post","link":"https:\/\/www.snowtrex.de\/magazin\/event\/langlauf-weltcup\/","title":{"rendered":"Langlauf Weltcup 2025\/2026: Die Rennen auf einen Blick"},"content":{"rendered":"<p><strong>Kaum eine Wettkampfserie im Winter lebt so sehr von ihrer Tradition wie der Langlauf-Weltcup. In Norwegen, der Wiege des nordischen Skisports, wurden bereits 1843 die ersten Langlaufrennen dokumentiert. Bis ins 21. Jahrhundert hat sich die Szene nat\u00fcrlich enorm weiterentwickelt. Heute wird im FIS Langlauf Weltcup sowohl auf den ganz langen, historischen Distanzen als auch bei den kurzen, innovativen Rennen um jeden Zentimeter gek\u00e4mpft. Die vergangene Saison, die wieder Hunderttausende Fans an den Loipen und vor den Fernsehern in ihren Bann zog, wurde von Johannes H\u00f8sflot Kl\u00e6bo (Norwegen) und Jessie Diggins (USA) dominiert. Welches Rennen wann und vor allem wo im Weltcup-Programm 2025\/2026 stattfindet, hat <a href=\"https:\/\/www.snowtrex.de\/\" target=\"_blank\" rel=\"noopener\">SnowTrex<\/a> jetzt zusammengefasst.<\/strong><\/p>\n<div class=\"tt-post-image-wrapper tt-post-image-wrapper-full\">\n            <div class=\"tt-image-copyright-container\">\n                <a href=\"https:\/\/www.snowtrex.de\/magazin\/files\/2022\/12\/RS26512_shutterstock_1605515626-scr.jpg\" target=\"_blank\" rel=\"noopener\"><img loading=\"lazy\" decoding=\"async\" data-wrapped=\"true\" class=\"wp-image-52477 size-Artikelbild_gro\u00df\" title=\"Der Langlauf Weltcup ist gespickt mit Highlights wie der Tour de Ski und erfordert von den Sportlern \u00fcber f\u00fcnf Monate absolute H\u00f6chstleistungen.\" src=\"https:\/\/www.snowtrex.de\/magazin\/files\/2022\/12\/RS26512_shutterstock_1605515626-scr-729x486.jpg\" alt=\"Der Langlauf Weltcup ist gespickt mit Highlights wie der Tour de Ski und erfordert von den Sportlern \u00fcber f\u00fcnf Monate absolute H\u00f6chstleistungen.\" width=\"729\" height=\"486\" srcset=\"https:\/\/www.snowtrex.de\/magazin\/files\/2022\/12\/RS26512_shutterstock_1605515626-scr-729x486.jpg 729w, https:\/\/www.snowtrex.de\/magazin\/files\/2022\/12\/RS26512_shutterstock_1605515626-scr-468x312.jpg 468w, https:\/\/www.snowtrex.de\/magazin\/files\/2022\/12\/RS26512_shutterstock_1605515626-scr-300x200.jpg 300w, https:\/\/www.snowtrex.de\/magazin\/files\/2022\/12\/RS26512_shutterstock_1605515626-scr-999x666.jpg 999w, https:\/\/www.snowtrex.de\/magazin\/files\/2022\/12\/RS26512_shutterstock_1605515626-scr-645x430.jpg 645w, https:\/\/www.snowtrex.de\/magazin\/files\/2022\/12\/RS26512_shutterstock_1605515626-scr-552x368.jpg 552w, https:\/\/www.snowtrex.de\/magazin\/files\/2022\/12\/RS26512_shutterstock_1605515626-scr-405x270.jpg 405w, https:\/\/www.snowtrex.de\/magazin\/files\/2022\/12\/RS26512_shutterstock_1605515626-scr-336x224.jpg 336w, https:\/\/www.snowtrex.de\/magazin\/files\/2022\/12\/RS26512_shutterstock_1605515626-scr-276x184.jpg 276w, https:\/\/www.snowtrex.de\/magazin\/files\/2022\/12\/RS26512_shutterstock_1605515626-scr-234x156.jpg 234w, https:\/\/www.snowtrex.de\/magazin\/files\/2022\/12\/RS26512_shutterstock_1605515626-scr-192x128.jpg 192w, https:\/\/www.snowtrex.de\/magazin\/files\/2022\/12\/RS26512_shutterstock_1605515626-scr-120x80.jpg 120w, https:\/\/www.snowtrex.de\/magazin\/files\/2022\/12\/RS26512_shutterstock_1605515626-scr-774x516.jpg 774w\" sizes=\"(min-width: 1009px) 729px, (min-width: 819px) 594px, (min-width: 569px) 729px, (min-width: 449px) 468px, 348px\" \/><\/a><div class=\"tt-image-copyright\" data-image-id=\"52477\">\u00a9 Pierre Teyssot\/Shutterstock<\/div>\n            <\/div>\n            <div class=\"tt-post-caption\">Der Langlauf Weltcup ist gespickt mit Highlights wie der Tour de Ski und erfordert von den Sportlern \u00fcber f\u00fcnf Monate absolute H\u00f6chstleistungen.<\/div>\n         <\/div > \n<div class=\"tt-table-of-content\">\n                <span class=\"tt-icon-circle-up tt-table-of-content-button\"><\/span><\/p>\n<div class=\"tt-table-of-content-caption\">\n                    Inhaltsverzeichnis\n                <\/div>\n<div class=\"tt-table-of-content-body\">\n                    <a href=\"#die-langlauf-weltcup-rennen-20252026-im-\u00dcberblick\"><span class=\"layer-0\">Die Langlauf-Weltcup-Rennen 2025\/2026 im \u00dcberblick<\/span><\/a><a href=\"#highlights-der-weltcup-saison-20252026\"><span class=\"layer-0\">Highlights der Weltcup-Saison 2025\/2026<\/span><\/a><a href=\"#das-ist-der-langlauf-weltcup\"><span class=\"layer-0\">Das ist der Langlauf-Weltcup<\/span><\/a><a href=\"#faq-zum-langlauf-weltcup\"><span class=\"layer-0\">FAQ zum Langlauf-Weltcup<\/span><\/a>\n                 <\/div>\n<\/p><\/div>\n<hr>\n<h2 id=\"die-langlauf-weltcup-rennen-20252026-im-\u00dcberblick\">Die Langlauf-Weltcup-Rennen 2025\/2026 im \u00dcberblick<\/h2>\n\n<table id=\"tablepress-109\" class=\"tablepress tablepress-id-109\">\n<thead>\n<tr class=\"row-1\">\n\t<th class=\"column-1\"><strong>Datum<\/strong><\/th><th class=\"column-2\"><strong>Skiort<\/strong><\/th><th class=\"column-3\"><strong>Land<\/strong><\/th><th class=\"column-4\"><strong>Disziplinen<\/strong><\/th>\n<\/tr>\n<\/thead>\n<tbody class=\"row-striping row-hover\">\n<tr class=\"row-2\">\n\t<td class=\"column-1\">28.11. - 30.11.25<\/td><td class=\"column-2\">Ruka<\/td><td class=\"column-3\">Finnland<\/td><td class=\"column-4\">Einzel (Klassisch),   Massenstart (Freistil) &amp; Sprint (Klassisch)<\/td>\n<\/tr>\n<tr class=\"row-3\">\n\t<td class=\"column-1\">05.12. - 07.12.25<\/td><td class=\"column-2\">Trondheim<\/td><td class=\"column-3\">Norwegen<\/td><td class=\"column-4\">Einzel (Freistil), Skiathlon &amp; Sprint (Freistil)<\/td>\n<\/tr>\n<tr class=\"row-4\">\n\t<td class=\"column-1\">12.12. - 14.12.25<\/td><td class=\"column-2\"><a href=\"https:\/\/www.snowtrex.de\/schweiz\/davos\/skiurlaub.html\" target=\"_blank\" rel=\"noopener noreferrer\">Davos<\/a><\/td><td class=\"column-3\"><a href=\"https:\/\/www.snowtrex.de\/schweiz\/skiurlaub.html\" target=\"_blank\" rel=\"noopener noreferrer\">Schweiz<\/a><\/td><td class=\"column-4\">Einzel (Freistil), Sprint (Freistil) &amp; Teamsprint (Freistil)<\/td>\n<\/tr>\n<tr class=\"row-5\">\n\t<td class=\"column-1\">28.12.25 - 01.01.26 (Tour de Ski)<\/td><td class=\"column-2\"><a href=\"https:\/\/www.snowtrex.de\/italien\/toblach\/skiurlaub.html\" target=\"_blank\" rel=\"noopener noreferrer\">Toblach<\/a><\/td><td class=\"column-3\"><a href=\"https:\/\/www.snowtrex.de\/italien\/skiurlaub.html\" target=\"_blank\" rel=\"noopener noreferrer\">Italien<\/a><\/td><td class=\"column-4\">Einzel (Klassisch), Massenstart (Freistil), Sprint (Freistil) &amp; Verfolgung (Klassisch)<\/td>\n<\/tr>\n<tr class=\"row-6\">\n\t<td class=\"column-1\">03.01. - 04.01.26 (Tour de Ski)<\/td><td class=\"column-2\"><a href=\"https:\/\/www.snowtrex.de\/italien\/cavalese\/skiurlaub.html\" target=\"_blank\" rel=\"noopener noreferrer\">Val di Fiemme<\/a><\/td><td class=\"column-3\"><a href=\"https:\/\/www.snowtrex.de\/italien\/skiurlaub.html\" target=\"_blank\" rel=\"noopener noreferrer\">Italien<\/a><\/td><td class=\"column-4\">Final Climb (Freistil) &amp; Sprint (Klassisch)<\/td>\n<\/tr>\n<tr class=\"row-7\">\n\t<td class=\"column-1\">17.01. - 18.01.26<\/td><td class=\"column-2\"><a href=\"https:\/\/www.snowtrex.de\/deutschland\/oberhof\/skiurlaub.html\" target=\"_blank\" rel=\"noopener noreferrer\">Oberhof<\/a><\/td><td class=\"column-3\"><a href=\"https:\/\/www.snowtrex.de\/deutschland\/skiurlaub.html\" target=\"_blank\" rel=\"noopener noreferrer\">Deutschland<\/a><\/td><td class=\"column-4\">Einzel (Klassisch) &amp; Sprint (Freistil)<\/td>\n<\/tr>\n<tr class=\"row-8\">\n\t<td class=\"column-1\">23.01. - 25.01.26<\/td><td class=\"column-2\">Goms<\/td><td class=\"column-3\"><a href=\"https:\/\/www.snowtrex.de\/schweiz\/skiurlaub.html\" target=\"_blank\" rel=\"noopener noreferrer\">Schweiz<\/a><\/td><td class=\"column-4\">Massenstart (Klassisch), Sprint (Klassisch) &amp; Teamsprint (Freistil)<\/td>\n<\/tr>\n<tr class=\"row-9\">\n\t<td class=\"column-1\">06.02. - 22.02.26 (Olympische Winterspiele)<\/td><td class=\"column-2\"><a href=\"https:\/\/www.snowtrex.de\/italien\/tesero\/skiurlaub.html\" target=\"_blank\" rel=\"noopener noreferrer\">Tesero<\/a><\/td><td class=\"column-3\"><a href=\"https:\/\/www.snowtrex.de\/italien\/skiurlaub.html\" target=\"_blank\" rel=\"noopener noreferrer\">Italien<\/a><\/td><td class=\"column-4\">50 km Massenstart (Klassisch), Einzel (Freistil), Skiathlon, Sprint (Klassisch), Staffel &amp; Team-Sprint (Freistil)<\/td>\n<\/tr>\n<tr class=\"row-10\">\n\t<td class=\"column-1\">28.02. - 01.03.26<\/td><td class=\"column-2\">Falun<\/td><td class=\"column-3\">Schweden<\/td><td class=\"column-4\">Skiathlon &amp; Sprint (Freistil)<\/td>\n<\/tr>\n<tr class=\"row-11\">\n\t<td class=\"column-1\">07.03. - 08.03.26<\/td><td class=\"column-2\">Lahti<\/td><td class=\"column-3\">Finnland<\/td><td class=\"column-4\">Einzel (Freistil) &amp; Sprint (Freistil)<\/td>\n<\/tr>\n<tr class=\"row-12\">\n\t<td class=\"column-1\">12.03.26<\/td><td class=\"column-2\">Drammen<\/td><td class=\"column-3\">Norwegen<\/td><td class=\"column-4\">Sprint (Klassisch)<\/td>\n<\/tr>\n<tr class=\"row-13\">\n\t<td class=\"column-1\">14.03.26<\/td><td class=\"column-2\">Oslo<\/td><td class=\"column-3\">Norwegen<\/td><td class=\"column-4\">50 km Massenstart (Freistil)<\/td>\n<\/tr>\n<tr class=\"row-14\">\n\t<td class=\"column-1\">20.03. - 22.03.26<\/td><td class=\"column-2\">Lake Placid<\/td><td class=\"column-3\">USA<\/td><td class=\"column-4\">Einzel (Klassisch), Massenstart (Freistil) &amp; Sprint (Freistil)<\/td>\n<\/tr>\n<\/tbody>\n<\/table>\n<!-- #tablepress-109 from cache -->\n<h2 id=\"highlights-der-weltcup-saison-20252026\">Highlights der Weltcup-Saison 2025\/2026<\/h2>\n<h3>28. bis 30. November: Ruka (Finnland)<\/h3>\n<p>Der erste von 13 Langlauf-Weltcup-Terminen in der Saison 2025\/2026 ist traditionell das Nordic Opening im finnischen Ruka. Auf den Loipen des Skizentrums der Stadt Kuusamo erwartet die Athletinnen und Athleten jedes Jahr ein echtes Winterwunderland. Grund daf\u00fcr ist die Lage des Ortes, der nur 60 Kilometer s\u00fcdlich des Polarkreises liegt. Entsprechend kalt sind die Temperaturen, die die Sportler w\u00e4hrend der insgesamt sechs angesetzten Rennen meist unter Flutlicht bew\u00e4ltigen m\u00fcssen.<\/p>\n<div class=\"tt-post-image-wrapper tt-post-image-wrapper-full\">\n            <div class=\"tt-image-copyright-container\">\n                <a href=\"https:\/\/www.snowtrex.de\/magazin\/files\/2025\/10\/RS27005_shutterstock_322784483-scr.jpg\" target=\"_blank\" rel=\"noopener\"><img loading=\"lazy\" decoding=\"async\" data-wrapped=\"true\" class=\"wp-image-63058 size-Artikelbild_gro\u00df\" title=\"F\u00fcr den Langlauf in der klassischen Technik werden f\u00fcr die Athleten auch im Weltcup Spuren auf den Loipen gezogen.\" src=\"https:\/\/www.snowtrex.de\/magazin\/files\/2025\/10\/RS27005_shutterstock_322784483-scr-729x486.jpg\" alt=\"F\u00fcr den Langlauf in der klassischen Technik werden f\u00fcr die Athleten auch im Weltcup Spuren auf den Loipen gezogen.\" width=\"729\" height=\"486\" srcset=\"https:\/\/www.snowtrex.de\/magazin\/files\/2025\/10\/RS27005_shutterstock_322784483-scr-729x486.jpg 729w, https:\/\/www.snowtrex.de\/magazin\/files\/2025\/10\/RS27005_shutterstock_322784483-scr-468x312.jpg 468w, https:\/\/www.snowtrex.de\/magazin\/files\/2025\/10\/RS27005_shutterstock_322784483-scr-300x200.jpg 300w, https:\/\/www.snowtrex.de\/magazin\/files\/2025\/10\/RS27005_shutterstock_322784483-scr-999x666.jpg 999w, https:\/\/www.snowtrex.de\/magazin\/files\/2025\/10\/RS27005_shutterstock_322784483-scr-645x430.jpg 645w, https:\/\/www.snowtrex.de\/magazin\/files\/2025\/10\/RS27005_shutterstock_322784483-scr-552x368.jpg 552w, https:\/\/www.snowtrex.de\/magazin\/files\/2025\/10\/RS27005_shutterstock_322784483-scr-405x270.jpg 405w, https:\/\/www.snowtrex.de\/magazin\/files\/2025\/10\/RS27005_shutterstock_322784483-scr-336x224.jpg 336w, https:\/\/www.snowtrex.de\/magazin\/files\/2025\/10\/RS27005_shutterstock_322784483-scr-276x184.jpg 276w, https:\/\/www.snowtrex.de\/magazin\/files\/2025\/10\/RS27005_shutterstock_322784483-scr-234x156.jpg 234w, https:\/\/www.snowtrex.de\/magazin\/files\/2025\/10\/RS27005_shutterstock_322784483-scr-192x128.jpg 192w, https:\/\/www.snowtrex.de\/magazin\/files\/2025\/10\/RS27005_shutterstock_322784483-scr-120x80.jpg 120w, https:\/\/www.snowtrex.de\/magazin\/files\/2025\/10\/RS27005_shutterstock_322784483-scr-774x516.jpg 774w\" sizes=\"(min-width: 1009px) 729px, (min-width: 819px) 594px, (min-width: 569px) 729px, (min-width: 449px) 468px, 348px\" \/><\/a><div class=\"tt-image-copyright\" data-image-id=\"63058\">\u00a9 Scandphoto\/shutterstock.de<\/div>\n            <\/div>\n            <div class=\"tt-post-caption\">F\u00fcr den Langlauf in der klassischen Technik werden f\u00fcr die Athleten auch im Weltcup Spuren auf den Loipen gezogen.<\/div>\n         <\/div > \n<h3>12. und 14. Dezember: Davos (Schweiz)<\/h3>\n<p>Auf einer H\u00f6he von 1.560 Metern ist <a href=\"https:\/\/www.snowtrex.de\/schweiz\/davos\/skiurlaub.html\" target=\"_blank\" rel=\"noopener\">Davos<\/a> die h\u00f6chstgelegene Stadt Europas. F\u00fcr die Langl\u00e4uferinnen und Langl\u00e4ufer stehen bei der ersten von zwei schweizerischen Weltcup-Stationen der Saison 2025\/2026, knapp zwei Wochen vor Beginn der Tour de Ski, jeweils ein Einzelrennen, ein Sprint und ein Team-Sprint an. Zu laufen sind die zwei Rennen \u00fcber 10 km in der Skating-Technik (Freistil), w\u00e4hrend die kurzen Distanzen ebenfalls im freien Stil zu absolvieren sind.<\/p>\n<h3>28. Dezember bis 01. Januar: Toblach (Italien)<\/h3>\n<p>\u00c4hnlich wie die Vierschanzentournee bei den Skispringern ist die <a href=\"https:\/\/www.snowtrex.de\/magazin\/event\/tour-de-ski\/\" target=\"_blank\" rel=\"noopener\">Tour de Ski<\/a> f\u00fcr die Langl\u00e4uferinnen und Langl\u00e4ufer immer auch einer der Saison-H\u00f6hepunkte, selbst in Jahren mit Gro\u00dfereignissen wie Olympischen Winterspielen oder Weltmeisterschaften. Insgesamt besteht das Rennen, das den Athleten auch eine gro\u00dfe Menge an Weltcuppunkten bringt, aus sechs Etappen. Die ersten vier Events, ein Sprint und ein Massenstart (beides im Freistil) sowie ein Einzelrennen und eine Verfolgung in der klassischen Technik, finden dabei in Italien auf den Loipen in <a href=\"https:\/\/www.snowtrex.de\/italien\/toblach\/skiurlaub.html\" target=\"_blank\" rel=\"noopener\">Toblach<\/a> im Schatten der ber\u00fchmten Drei Zinnen in den Dolomiten statt.<\/p>\n<h3>03. und 04. Januar: Val di Fiemme (Italien)<\/h3>\n<p>Nach vier anstrengenden Rennen in f\u00fcnf Tagen mit nur 24 Stunden Pause am 2. Januar und einem Umzug innerhalb Italiens steht f\u00fcr den Langlauf-Zirkus im Val di Fiemme, das Finale der Tour de Ski an. F\u00fcr die beiden Gesamtf\u00fchrenden bei Frauen und M\u00e4nnern gilt es hier auf den abschlie\u00dfenden zwei Etappen, die Leadertrikots zu verteidigen. Ausgetragen werden die Rennen zum Gro\u00dfteil auf den Loipen auf der anderen Talseite von <a href=\"https:\/\/www.snowtrex.de\/italien\/cavalese\/skiurlaub.html\" target=\"_blank\" rel=\"noopener\">Cavalese<\/a>.<\/p>\n<div class=\"tt-post-image-wrapper tt-post-image-wrapper-full\">\n            <div class=\"tt-image-copyright-container\">\n                <a href=\"https:\/\/www.snowtrex.de\/magazin\/files\/2023\/07\/RS27015_shutterstock_73165219-scr.jpg\" target=\"_blank\" rel=\"noopener\"><img loading=\"lazy\" decoding=\"async\" data-wrapped=\"true\" class=\"wp-image-58243 size-Artikelbild_gro\u00df\" title=\"Die H\u00e4lfte der Rennen des Langlauf-Weltcups wird in der Freistil-Technik, dem sogenannten Skating, absolviert. Dominant sind hier seit jeher die Norwegerinnen und Norweger mit Ikonen des Sports, zu denen auch Therese Johaug und Marit Bj\u00f6rgen z\u00e4hlen.\" src=\"https:\/\/www.snowtrex.de\/magazin\/files\/2023\/07\/RS27015_shutterstock_73165219-scr-729x486.jpg\" alt=\"Die H\u00e4lfte der Rennen des Langlauf-Weltcups wird in der Freistil-Technik, dem sogenannten Skating, absolviert. Dominant sind hier seit jeher die Norwegerinnen und Norweger mit Ikonen des Sports, zu denen auch Therese Johaug und Marit Bj\u00f6rgen z\u00e4hlen.\" width=\"729\" height=\"486\" srcset=\"https:\/\/www.snowtrex.de\/magazin\/files\/2023\/07\/RS27015_shutterstock_73165219-scr-729x486.jpg 729w, https:\/\/www.snowtrex.de\/magazin\/files\/2023\/07\/RS27015_shutterstock_73165219-scr-468x312.jpg 468w, https:\/\/www.snowtrex.de\/magazin\/files\/2023\/07\/RS27015_shutterstock_73165219-scr-300x200.jpg 300w, https:\/\/www.snowtrex.de\/magazin\/files\/2023\/07\/RS27015_shutterstock_73165219-scr-999x666.jpg 999w, https:\/\/www.snowtrex.de\/magazin\/files\/2023\/07\/RS27015_shutterstock_73165219-scr-645x430.jpg 645w, https:\/\/www.snowtrex.de\/magazin\/files\/2023\/07\/RS27015_shutterstock_73165219-scr-552x368.jpg 552w, https:\/\/www.snowtrex.de\/magazin\/files\/2023\/07\/RS27015_shutterstock_73165219-scr-405x270.jpg 405w, https:\/\/www.snowtrex.de\/magazin\/files\/2023\/07\/RS27015_shutterstock_73165219-scr-336x224.jpg 336w, https:\/\/www.snowtrex.de\/magazin\/files\/2023\/07\/RS27015_shutterstock_73165219-scr-276x184.jpg 276w, https:\/\/www.snowtrex.de\/magazin\/files\/2023\/07\/RS27015_shutterstock_73165219-scr-234x156.jpg 234w, https:\/\/www.snowtrex.de\/magazin\/files\/2023\/07\/RS27015_shutterstock_73165219-scr-192x128.jpg 192w, https:\/\/www.snowtrex.de\/magazin\/files\/2023\/07\/RS27015_shutterstock_73165219-scr-120x80.jpg 120w, https:\/\/www.snowtrex.de\/magazin\/files\/2023\/07\/RS27015_shutterstock_73165219-scr-774x516.jpg 774w\" sizes=\"(min-width: 1009px) 729px, (min-width: 819px) 594px, (min-width: 569px) 729px, (min-width: 449px) 468px, 348px\" \/><\/a><div class=\"tt-image-copyright\" data-image-id=\"58243\">\u00a9 Espen E\/shutterstock.de<\/div>\n            <\/div>\n            <div class=\"tt-post-caption\">Die H\u00e4lfte der Rennen des Langlauf-Weltcups wird in der Freistil-Technik, dem sogenannten Skating, absolviert. Dominant sind hier seit jeher die Norwegerinnen und Norweger mit Ikonen des Sports, zu denen auch Therese Johaug und Marit Bj\u00f6rgen z\u00e4hlen.<\/div>\n         <\/div > \n<p>Zun\u00e4chst stehen dort ein Sprint in der klassischen Technik und ein Skiathlon an, bevor es am 5. Januar &#8211; dem Schlusstag &#8211; noch einmal richtig hart wird. Auf 15 km Strecke gilt es hier beim &#8222;Final Climb&#8220; n\u00e4mlich am Ende noch 400 H\u00f6henmeter auf einer Skipiste, die Wintersportler normalerweise f\u00fcr rasende Abfahrten nutzen, zu \u00fcberwinden. Dabei m\u00fcssen die Langl\u00e4uferinnen und Langl\u00e4ufer bis zu 28 Prozent Steigung \u00fcberwinden.<\/p>\n<h3>06. bis 22. Februar: Tesero (Italien)<\/h3>\n<p>Der absolute sportliche Jahresh\u00f6hepunkt f\u00fcr die Langl\u00e4uferinnen und Langl\u00e4ufer findet 2026 ebenfalls in Italien statt. Hier stehen vom 06. bis 22. Februar die Olympischen Winterspiele von Mailand und <a href=\"https:\/\/www.snowtrex.de\/italien\/cortina_dampezzo\/skiurlaub.html\" target=\"_blank\" rel=\"noopener\">Cortina d&#8217;Ampezzo<\/a> an. Sowohl f\u00fcr die Damen als auch f\u00fcr die Herren ist das Programm in diesem Zeitraum auf den Loipen von <a href=\"https:\/\/www.snowtrex.de\/italien\/tesero\/skiurlaub.html\" target=\"_blank\" rel=\"noopener\">Tesero<\/a> im Fleimstal mit insgesamt sieben Rennen um Gold-, Silber- und Bronzemedaillen gef\u00fcllt. Zweimal, in einer Staffel und einem Team-Sprint, treten Landsfrauen und Landsm\u00e4nner dabei gemeinsam an. Die f\u00fcnf restlichen Rennen, darunter zwei Massenstarts in der klassischen Technik \u00fcber jeweils 50 km, werden dagegen auf eigene Faust bestritten.<\/p>\n<h3>14. M\u00e4rz: Oslo (Norwegen)<\/h3>\n<p>Wenn Langl\u00e4uferinnen und Langl\u00e4ufer \u00fcber den Holmenkollen sprechen, dann bekommen sie vor Ehrfurcht ganz gl\u00e4nzende Augen. Die Loipen rund um den Hausberg der norwegischen Hauptstadt Oslo sind der Stoff, aus dem zumindest im nordischen Skisport Legenden sind. Jedes Jahr gastieren die Profis auf einer der mythischsten Langlauf Weltcup-Strecken, wo die Athleten traditionell echte Marathondistanzen bew\u00e4ltigen m\u00fcssen. In der Saison 2025\/26 stehen hier dann auch wieder zwei Massenstarts \u00fcber 50 km in der Freistil-Technik an. Zur Belohnung d\u00fcrfen die Siegerin und der Sieger anschlie\u00dfend zu einer privaten Audienz in die royale Loge, wo der sportbegeisterte norwegische K\u00f6nig Harald V. wie immer mit lobenden Worten auf die Athleten wartet.<\/p>\n<h3>20. bis 22. M\u00e4rz: Lake Placid (USA)<\/h3>\n<p>Knapp f\u00fcnf Monate nachdem der Langlauf-Weltcup 2025 in Finnland er\u00f6ffnet wurde, endet die Saison jetzt auf der anderen Seite des Atlantiks in den USA, und zwar in Lake Placid. Zum Abschluss einer anstrengenden Wettkampfserie stehen hier noch einmal drei Rennen an. Neben einem Einzel und einem Sprint, die es jeweils in der klassischen Technik und im Freistil zu laufen gilt, wartet in der Olympia-Stadt von 1980 zu guter Letzt noch jeweils ein Freistil-Massenstart \u00fcber 20 km. Im Anschluss an diese beiden Rennen werden die beste Langl\u00e4uferin und der beste Langl\u00e4ufer der Saison 2025\/2026 dann am 22. M\u00e4rz 2026 auch standesgem\u00e4\u00df f\u00fcr ihren Triumph im Gesamtweltcup mit den gro\u00dfen Kristallkugeln geehrt.<\/p>\n<p>Die sch\u00f6nsten Bilder der dominanten Weltcup-Saison 2024\/25 der US-Amerikanerin Jessie Diggins hat die F\u00e9d\u00e9ration Internationale de Ski (FIS) in einem Video stimmungsvoll zusammengefasst:<\/p>\n<div class=\"lyte-wrapper\" title=\"JESSIE DIGGINS 2024-2025 HIGHLIGHTS | FIS Cross Country\" style=\"width:853px;max-width:100%;margin:5px auto;\"><div class=\"lyMe\" id=\"WYL_BPBLm7AhCfo\" itemprop=\"video\" itemscope itemtype=\"https:\/\/schema.org\/VideoObject\"><div><meta itemprop=\"thumbnailUrl\" content=\"https:\/\/www.snowtrex.de\/magazin\/wp-content\/plugins\/wp-youtube-lyte\/lyteCache.php?origThumbUrl=https%3A%2F%2Fi.ytimg.com%2Fvi%2FBPBLm7AhCfo%2Fhqdefault.jpg\" \/><meta itemprop=\"embedURL\" content=\"https:\/\/www.youtube.com\/embed\/BPBLm7AhCfo\" \/><meta itemprop=\"duration\" content=\"PT3M40S\" \/><meta itemprop=\"uploadDate\" content=\"2025-04-09T20:57:32Z\" \/><\/div><div id=\"lyte_BPBLm7AhCfo\" data-src=\"https:\/\/www.snowtrex.de\/magazin\/wp-content\/plugins\/wp-youtube-lyte\/lyteCache.php?origThumbUrl=https%3A%2F%2Fi.ytimg.com%2Fvi%2FBPBLm7AhCfo%2Fhqdefault.jpg\" class=\"pL\"><div class=\"tC\"><div class=\"tT\" itemprop=\"name\">JESSIE DIGGINS 2024-2025 HIGHLIGHTS | FIS Cross Country<\/div><\/div><div class=\"play\"><\/div><div class=\"ctrl\"><div class=\"Lctrl\"><\/div><div class=\"Rctrl\"><\/div><\/div><\/div><noscript><a href=\"http:\/\/youtu.be\/BPBLm7AhCfo\" rel=\"nofollow\"><img loading=\"lazy\" decoding=\"async\" src=\"https:\/\/www.snowtrex.de\/magazin\/wp-content\/plugins\/wp-youtube-lyte\/lyteCache.php?origThumbUrl=http%3A%2F%2Fi.ytimg.com%2Fvi%2FBPBLm7AhCfo%2F0.jpg\" alt=\"JESSIE DIGGINS 2024-2025 HIGHLIGHTS | FIS Cross Country\" width=\"853\" height=\"460\" \/><br \/>Dieses Video auf YouTube ansehen<\/a><\/noscript><meta itemprop=\"description\" content=\"Thank you for watching, don\u2019t forget to like, subscribe and hit the bell if you want to be kept up to date with all our latest content! Instagram \ud83d\udcf8 http:\/\/instagram.com\/fiscrosscountry Facebook \ud83d\udc4d https:\/\/www.facebook.com\/fiscrosscountry X \ud83d\udc24 https:\/\/twitter.com\/fiscrosscountry International Ski Federation: as the governing body of international skiing and snowboarding, FIS manages the Olympic disciplines of Alpine Skiing, Cross-Country Skiing, Ski Jumping, Nordic Combined, Freestyle Skiing and Snowboarding, including setting the international competition rules.\"><\/div><\/div><div class=\"lL\" style=\"max-width:100%;width:853px;margin:5px auto;\"><br\/><span class=\"lyte_disclaimer\">Bitte beachten Sie zudem, dass durch die Nutzung unserer Dienste und der Einbindung der YouTube API Services die <a href=\"https:\/\/www.youtube.com\/t\/terms\">YouTube Terms of Service<\/a> sowie die <a href=\"https:\/\/developers.google.com\/youtube\/terms\/api-services-terms-of-service-emea-de\">YouTube API Services Terms<\/a> gelten und Ihre Nutzung unserer Website als Zustimmung zu diesen Bedingungen betrachtet wird.<\/span><\/div><\/p>\n<p><strong>Langlauf fasziniert: Die nordischste aller Ausdauersportarten ist keinesfalls nur etwas f\u00fcr Profis aus dem Weltcup. Viele Wintersportorte haben mittlerweile neben Skigebieten auch weitl\u00e4ufige Loipennetze f\u00fcr jedermann im Angebot. Doch f\u00fcr Wintersportler, die jahrelang breite Alpinski gewohnt waren, kann die Umstellung auf die schmalen Langlauflatten immer etwas dauern. Deshalb hat SnowTrex recherchiert und <a href=\"https:\/\/www.snowtrex.de\/magazin\/urlaub-wintersport\/langlauf-anfaenger\/\" target=\"_blank\" rel=\"noopener\">Tipps f\u00fcr Anf\u00e4nger auf der Loipe<\/a> zusammengestellt.<\/strong><\/p>\n<h2 id=\"das-ist-der-langlauf-weltcup\">Das ist der Langlauf-Weltcup<\/h2>\n<ul>\n<li><strong>Saisonstart Langlauf-Weltcups 2025\/2026:<\/strong> Vom 28. bis 30. November 2025 findet im finnischen Kuusamo mit dem Nordic Opening im Skisportzentrum Ruka der Saisonstart statt.<\/li>\n<li><strong>Erster Sprint 2025\/2026:<\/strong> Am 29. November 2025 findet ebenfalls in Kuusamo der erste Sprint der Damen und Herren, gelaufen in klassischer Technik, statt.<\/li>\n<li><strong>Erster Skiathlon 2025\/2026:<\/strong> Am 7. Dezember 2025 wird in Trondheim (Norwegen) der erste Skiathlon der Langlauf-Saison mit einem Skitechnik-Wechsel nach 10 km ausgetragen.<\/li>\n<li><strong>Finale Langlauf-Weltcup 2025\/2026:<\/strong> Findet vom 20. bis 22. M\u00e4rz 2026 in Lake Placid (USA) mit insgesamt sechs Rennen &#8211; jeweils drei bei den Herren und den Damen &#8211; statt.<\/li>\n<li><strong>Historie Langlauf-Weltcup:<\/strong> Der erste offizielle Langlauf-Weltcup wurde in der Saison 1981\/1982 mit den Premierenrennen in Klingenthal und Reit im Winkl gestartet.<\/li>\n<li><strong>TV-\u00dcbertragung Langlauf-Weltcup:<\/strong> Eurosport, ARD und ZDF \u00fcbertragen live oder zeigen Highlights wie den Final Climb der Tour de Ski.<\/li>\n<li><strong>Preisgeld:<\/strong> Die Weltcup-Gesamtsieger erhalten jeweils 60.000 Schweizer Franken (ca. 64.150 Euro) und f\u00fcr einen Einzelsieg gibt es 15.000 Schweizer Franken (ca. 16.037 Euro) &#8211; Stand: Juli 2025<\/li>\n<\/ul>\n<h2 id=\"faq-zum-langlauf-weltcup\">FAQ zum Langlauf-Weltcup<\/h2>\n<h3>Wann startet der Langlauf-Weltcup 2025\/2026?<\/h3>\n<p>Vom 28. bis 30. November findet der Saisonauftakt des Langlauf-Weltcups 2025\/2026 im Skisportzentrum Ruka in Kuusamo statt. Hier treffen sich die Langl\u00e4uferinnen und Langl\u00e4ufer, darunter mit der US-Amerikanerin Jessie Diggins eine der Langlauf-Weltcup-Favoritinnen, 60 Kilometer s\u00fcdlich des Polarkreises zum Nordic Opening.<\/p>\n<h3>Wann findet der erste Sprint in der Saison 2025\/2026 statt?<\/h3>\n<p>Der erste Sprint der Saison 2025\/2026 steht f\u00fcr Frauen und M\u00e4nner direkt beim Weltcup-Auftakt im finnischen Kuusamo an. Am 29. November 2025 wird dabei in der klassischen Technik gelaufen.<\/p>\n<h3>Wann findet der erste Skiathlon der Saison 2025\/2026 statt?<\/h3>\n<p>Am 7. Dezember treten die Athletinnen und Athleten des Langlauf Weltcups in Trondheim jeweils zum ersten Skiathlon der Saison 2025\/2026 an. Bei dem Wettkampf wird zur Rennhalbzeit nach 10 km von der klassischen in die freie Technik, also ins Skating, gewechselt. Dabei m\u00fcssen die Sportler in einer speziellen Wechselzone im Stadion anhalten und innerhalb von Sekunden ihre Ski wechseln.<\/p>\n<h3>Wo endet der Langlauf-Weltcup 2025\/2026?<\/h3>\n<p>Zum Abschluss des FIS-Langlauf-Weltcups 2025\/2026 findet in Lake Palicd (USA) noch einmal ein Wettbewerbswochenende statt. Im Austragungsort der Olympischen Winterspiele 1980 stehen vom 20. bis 22. M\u00e4rz 2026 insgesamt sechs Rennen, jeweils drei bei Damen und Herren, auf dem Programm.<\/p>\n<h3>Seit wann gibt es den Langlauf-Weltcup?<\/h3>\n<p>Die erste offizielle Saison des Langlauf-Weltcups fand 1981\/1982 statt. Am 9. Januar 1982 wurden die allerersten Rennen jeweils in Klingenthal (damals noch DDR) und in Reit im Winkl veranstaltet. Bei den Frauen gewann Kv\u011bta Jeriov\u00e1 aus der Tschechoslowakei und bei den M\u00e4nnern der Norweger P\u00e5l Gunnar Mikkelsplass.<\/p>\n<h3>Wo kann ich den Langlauf-Weltcup im TV sehen?<\/h3>\n<p>Die Live-\u00dcbertragungen des Langlauf-Weltcups im Fernsehen \u00fcbernahm in den letzten Jahren der private Sportsender Eurosport. Dazu zeigen ARD und ZDF in Deutschland im Wechsel an jedem Weltcup-Wochenende mehrere Zusammenfassungen der Rennen. Highlights wie der Final Climb der Tour de Ski im Val di Fiemme werden dagegen auch von den \u00f6ffentlich-rechtlichen Sendern traditionell live gezeigt.<\/p>\n<h3>Wie viel Geld verdienen die Siegerinnen und Sieger des Langlauf Weltcups?<\/h3>\n<p>F\u00fcr den 1. Platz im Gesamtweltcup erhalten die Langlauf-Weltcup-Sieger bei Frauen und M\u00e4nnern jeweils 60.000 Schweizer Franken, umgerechnet 64.150 Euro (Stand: 07. Juli 2025), Preisgeld. Ein Sieg bei einem Weltcup-Rennen ist zudem bei Frauen und M\u00e4nnern gleich mit 15.000 Schweizer Franken, umgerechnet 16.037 Euro (Stand: 07. Juli 2025), dotiert. Im Wintersport ist es zudem Tradition, dass die Gesamtweltcup-Troph\u00e4en aus feinstem Kristallglas bestehen. Deswegen werden auch die beste Langl\u00e4uferin und der beste Langl\u00e4ufer vom Weltverband FIS mit zwei gro\u00dfen \u201eKristallkugeln\u201c geehrt.<\/p><div id=\"wp-worthy-pixel\"><img decoding=\"async\" class=\"wp-worthy-pixel-img skip-lazy \" src=\"http:\/\/vg02.met.vgwort.de\/na\/32add5fd69a84612a6955ab7914e8cbb\" loading=\"eager\" data-no-lazy=\"1\" data-skip-lazy=\"1\" height=\"1\" width=\"1\" alt=\"\" \/><\/div>\n","protected":false},"excerpt":{"rendered":"<p>Kaum eine Wettkampfserie im Winter lebt so sehr von ihrer Tradition wie der Langlauf Weltcup. In Norwegen, der Wiege des nordischen Skisports, wurden bereits 1843 die ersten Langlaufrennen dokumentiert. Bis ins 21. Jahrhundert hat sich die Szene nat\u00fcrlich enorm weiterentwickelt. Heute wird im FIS Langlauf Weltcup sowohl auf den ganz langen, historischen Distanzen als auch bei den kurzen, innovativen Rennen um jeden Zentimeter gek\u00e4mpft. Die vergangene Saison, die wieder Hunderttausende Fans an den Loipen und vor den Fernsehern in ihren Bann zog, wurde von Harald \u00d8stberg Amundsen (Norwegen) und Jessie Diggins (USA) dominiert. Welches Rennen wann und vor allem wo im Weltcup-Programm 2024\/2025 stattfindet, hat SnowTrex jetzt zusammengefasst.<\/p>\n","protected":false},"author":172,"featured_media":52477,"comment_status":"closed","ping_status":"closed","sticky":false,"template":"","format":"standard","meta":{"footnotes":""},"categories":[443],"tags":[17647,1780,233,228,17702,17617,17724,17700,17601,17591,282,17619,17563,2631,17587,17638,7932,17592,17593],"class_list":["post-50528","post","type-post","status-publish","format-standard","has-post-thumbnail","hentry","category-event","tag-cadore","tag-cavalese","tag-cortina_dampezzo","tag-davos","tag-davos-klosters","tag-deutschland","tag-dolomitenregion_3_zinnen","tag-fleimstal","tag-graubuenden","tag-italien","tag-oberhof","tag-schweiz","tag-suedtirol","tag-tesero","tag-thueringen","tag-thueringer_wald","tag-toblach","tag-trentino","tag-venetien"],"yoast_head":"<!-- This site is optimized with the Yoast SEO Premium plugin v27.3 (Yoast SEO v27.3) - https:\/\/yoast.com\/product\/yoast-seo-premium-wordpress\/ -->\n<title>Langlauf Weltcup: Alle Rennen &amp; Termine 2025\/2026<\/title>\n<meta name=\"description\" content=\"Langlauf Weltcup - SnowTrex pr\u00e4sentiert alle Termine f\u00fcr die Wettk\u00e4mpfe vom FIS Langlauf Weltcup 2025\/2026 auf einen Blick.\" \/>\n<meta name=\"robots\" content=\"index, follow, max-snippet:-1, max-image-preview:large, max-video-preview:-1\" \/>\n<link rel=\"canonical\" href=\"https:\/\/www.snowtrex.de\/magazin\/event\/langlauf-weltcup\/\" \/>\n<meta property=\"og:locale\" content=\"de_DE\" \/>\n<meta property=\"og:type\" content=\"article\" \/>\n<meta property=\"og:title\" content=\"Langlauf Weltcup 2025\/2026: Die Rennen auf einen Blick\" \/>\n<meta property=\"og:description\" content=\"Kaum eine Wettkampfserie im Winter lebt so sehr von ihrer Tradition wie der Langlauf Weltcup. In Norwegen, der Wiege des nordischen Skisports, wurden bereits 1843 die ersten Langlaufrennen dokumentiert. Bis ins 21. Jahrhundert hat sich die Szene nat\u00fcrlich enorm weiterentwickelt. Heute wird im FIS Langlauf Weltcup sowohl auf den ganz langen, historischen Distanzen als auch bei den kurzen, innovativen Rennen um jeden Zentimeter gek\u00e4mpft. Die vergangene Saison, die wieder Hunderttausende Fans an den Loipen und vor den Fernsehern in ihren Bann zog, wurde von Harald \u00d8stberg Amundsen (Norwegen) und Jessie Diggins (USA) dominiert. Welches Rennen wann und vor allem wo im Weltcup-Programm 2024\/2025 stattfindet, hat SnowTrex jetzt zusammengefasst.\" \/>\n<meta property=\"og:url\" content=\"https:\/\/www.snowtrex.de\/magazin\/event\/langlauf-weltcup\/\" \/>\n<meta property=\"og:site_name\" content=\"SnowTrex Ski-Magazin\" \/>\n<meta property=\"article:publisher\" content=\"https:\/\/www.facebook.com\/SnowTrex.de\/\" \/>\n<meta property=\"article:author\" content=\"https:\/\/www.facebook.com\/snowtrex\/\" \/>\n<meta property=\"article:published_time\" content=\"2025-07-07T23:00:00+00:00\" \/>\n<meta property=\"article:modified_time\" content=\"2026-04-20T12:41:49+00:00\" \/>\n<meta property=\"og:image\" content=\"https:\/\/www.snowtrex.de\/magazin\/files\/2024\/07\/26512_Langlauf_Weltcup.jpg\" \/>\n\t<meta property=\"og:image:width\" content=\"1080\" \/>\n\t<meta property=\"og:image:height\" content=\"1080\" \/>\n\t<meta property=\"og:image:type\" content=\"image\/jpeg\" \/>\n<meta name=\"author\" content=\"SnowTrex\" \/>\n<meta name=\"twitter:card\" content=\"summary_large_image\" \/>\n<meta name=\"twitter:label1\" content=\"Verfasst von\" \/>\n\t<meta name=\"twitter:data1\" content=\"SnowTrex\" \/>\n\t<meta name=\"twitter:label2\" content=\"Gesch\u00e4tzte Lesezeit\" \/>\n\t<meta name=\"twitter:data2\" content=\"10\u00a0Minuten\" \/>\n<script type=\"application\/ld+json\" class=\"yoast-schema-graph\">{\"@context\":\"https:\\\/\\\/schema.org\",\"@graph\":[{\"@type\":\"Article\",\"@id\":\"http:\\\/\\\/wp-magazin.snowtrex.de\\\/event\\\/langlauf-weltcup\\\/#article\",\"isPartOf\":{\"@id\":\"http:\\\/\\\/wp-magazin.snowtrex.de\\\/event\\\/langlauf-weltcup\\\/\"},\"author\":{\"name\":\"SnowTrex\",\"@id\":\"http:\\\/\\\/wp-magazin.snowtrex.de\\\/#\\\/schema\\\/person\\\/d4e6fac722a8050f9a352891795d42d2\"},\"headline\":\"Langlauf Weltcup 2025\\\/2026: Die Rennen auf einen Blick\",\"datePublished\":\"2025-07-07T23:00:00+00:00\",\"dateModified\":\"2026-04-20T12:41:49+00:00\",\"mainEntityOfPage\":{\"@id\":\"http:\\\/\\\/wp-magazin.snowtrex.de\\\/event\\\/langlauf-weltcup\\\/\"},\"wordCount\":1622,\"publisher\":{\"@id\":\"http:\\\/\\\/wp-magazin.snowtrex.de\\\/#organization\"},\"image\":{\"@id\":\"http:\\\/\\\/wp-magazin.snowtrex.de\\\/event\\\/langlauf-weltcup\\\/#primaryimage\"},\"thumbnailUrl\":\"http:\\\/\\\/wp-magazin.snowtrex.de\\\/files\\\/2022\\\/12\\\/RS26512_shutterstock_1605515626-scr.jpg\",\"keywords\":[\"Cadore\",\"Cavalese\",\"Cortina d'Ampezzo\",\"Davos\",\"Davos-Klosters\",\"Deutschland\",\"Dolomitenregion 3 Zinnen\",\"Fleimstal\",\"Graub\u00fcnden\",\"Italien\",\"Oberhof\",\"Schweiz\",\"S\u00fcdtirol\",\"Tesero\",\"Th\u00fcringen\",\"Th\u00fcringer Wald\",\"Toblach\",\"Trentino\",\"Venetien\"],\"articleSection\":[\"Event\"],\"inLanguage\":\"de\"},{\"@type\":\"WebPage\",\"@id\":\"http:\\\/\\\/wp-magazin.snowtrex.de\\\/event\\\/langlauf-weltcup\\\/\",\"url\":\"http:\\\/\\\/wp-magazin.snowtrex.de\\\/event\\\/langlauf-weltcup\\\/\",\"name\":\"Langlauf Weltcup: Alle Rennen & Termine 2025\\\/2026\",\"primaryImageOfPage\":{\"@id\":\"http:\\\/\\\/wp-magazin.snowtrex.de\\\/event\\\/langlauf-weltcup\\\/#primaryimage\"},\"image\":{\"@id\":\"http:\\\/\\\/wp-magazin.snowtrex.de\\\/event\\\/langlauf-weltcup\\\/#primaryimage\"},\"thumbnailUrl\":\"http:\\\/\\\/wp-magazin.snowtrex.de\\\/files\\\/2022\\\/12\\\/RS26512_shutterstock_1605515626-scr.jpg\",\"datePublished\":\"2025-07-07T23:00:00+00:00\",\"dateModified\":\"2026-04-20T12:41:49+00:00\",\"description\":\"Langlauf Weltcup - SnowTrex pr\u00e4sentiert alle Termine f\u00fcr die Wettk\u00e4mpfe vom FIS Langlauf Weltcup 2025\\\/2026 auf einen Blick.\",\"inLanguage\":\"de\"},{\"@type\":\"ImageObject\",\"inLanguage\":\"de\",\"@id\":\"http:\\\/\\\/wp-magazin.snowtrex.de\\\/event\\\/langlauf-weltcup\\\/#primaryimage\",\"url\":\"http:\\\/\\\/wp-magazin.snowtrex.de\\\/files\\\/2022\\\/12\\\/RS26512_shutterstock_1605515626-scr.jpg\",\"contentUrl\":\"http:\\\/\\\/wp-magazin.snowtrex.de\\\/files\\\/2022\\\/12\\\/RS26512_shutterstock_1605515626-scr.jpg\",\"width\":1440,\"height\":923},{\"@type\":\"WebSite\",\"@id\":\"http:\\\/\\\/wp-magazin.snowtrex.de\\\/#website\",\"url\":\"http:\\\/\\\/wp-magazin.snowtrex.de\\\/\",\"name\":\"SnowTrex Ski-Magazin\",\"description\":\"Alles rund um Skifahren, Snowboarden und Winterurlaub!\",\"publisher\":{\"@id\":\"http:\\\/\\\/wp-magazin.snowtrex.de\\\/#organization\"},\"inLanguage\":\"de\"},{\"@type\":\"Organization\",\"@id\":\"http:\\\/\\\/wp-magazin.snowtrex.de\\\/#organization\",\"name\":\"TravelTrex GmbH\",\"url\":\"http:\\\/\\\/wp-magazin.snowtrex.de\\\/\",\"logo\":{\"@type\":\"ImageObject\",\"inLanguage\":\"de\",\"@id\":\"http:\\\/\\\/wp-magazin.snowtrex.de\\\/#\\\/schema\\\/logo\\\/image\\\/\",\"url\":\"http:\\\/\\\/wp-magazin.snowtrex.de\\\/files\\\/2025\\\/09\\\/TravelTrex-Logo_RGB_transp.png\",\"contentUrl\":\"http:\\\/\\\/wp-magazin.snowtrex.de\\\/files\\\/2025\\\/09\\\/TravelTrex-Logo_RGB_transp.png\",\"width\":1080,\"height\":282,\"caption\":\"TravelTrex GmbH\"},\"image\":{\"@id\":\"http:\\\/\\\/wp-magazin.snowtrex.de\\\/#\\\/schema\\\/logo\\\/image\\\/\"},\"sameAs\":[\"https:\\\/\\\/www.facebook.com\\\/SnowTrex.de\\\/\",\"https:\\\/\\\/www.instagram.com\\\/snowtrex_ski\\\/\"],\"description\":\"Seit 1999 ist SnowTrex Deutschlands f\u00fchrender Reiseveranstalter f\u00fcr Skiurlaub. Das Unternehmen vertreibt seine Angebote in 13 Sprachen und bringt j\u00e4hrlich \u00fcber 100.000 G\u00e4ste in in beliebte Destinationen wie \u00d6sterreich, Frankreich, Italien, die Schweiz und Deutschland.\",\"email\":\"info-de@snowtrex.com\",\"telephone\":\"01806 77 35 00 00\",\"legalName\":\"TravelTrex GmbH\",\"foundingDate\":\"1999-07-01\",\"vatID\":\"DE 813 076 768\",\"numberOfEmployees\":{\"@type\":\"QuantitativeValue\",\"minValue\":\"51\",\"maxValue\":\"200\"}},{\"@type\":\"Person\",\"@id\":\"http:\\\/\\\/wp-magazin.snowtrex.de\\\/#\\\/schema\\\/person\\\/d4e6fac722a8050f9a352891795d42d2\",\"name\":\"SnowTrex\",\"description\":\"Die Redaktion des SnowTrex-Magazins vereint erfahrene Wintersportler und Reiseexperten, die ihre Leidenschaft in fundierte Beitr\u00e4ge \u00fcber Skigebiete, Ausr\u00fcstung und Reisetipps einflie\u00dfen lassen. Seit 1999 ist SnowTrex Deutschlands f\u00fchrender Reiseveranstalter f\u00fcr Skiurlaub. Das Unternehmen vertreibt seine Angebote in 13 Sprachen und bringt j\u00e4hrlich \u00fcber 100.000 G\u00e4ste in in beliebte Destinationen wie \u00d6sterreich, Frankreich, Italien, die Schweiz und Deutschland.\",\"sameAs\":[\"https:\\\/\\\/www.snowtrex.de\\\/\",\"https:\\\/\\\/www.facebook.com\\\/snowtrex\\\/\",\"https:\\\/\\\/www.instagram.com\\\/snowtrex_ski\\\/\",\"https:\\\/\\\/www.youtube.com\\\/c\\\/SnowTrex\"]}]}<\/script>\n<!-- \/ Yoast SEO Premium plugin. -->","yoast_head_json":{"title":"Langlauf Weltcup: Alle Rennen & Termine 2025\/2026","description":"Langlauf Weltcup - SnowTrex pr\u00e4sentiert alle Termine f\u00fcr die Wettk\u00e4mpfe vom FIS Langlauf Weltcup 2025\/2026 auf einen Blick.","robots":{"index":"index","follow":"follow","max-snippet":"max-snippet:-1","max-image-preview":"max-image-preview:large","max-video-preview":"max-video-preview:-1"},"canonical":"https:\/\/www.snowtrex.de\/magazin\/event\/langlauf-weltcup\/","og_locale":"de_DE","og_type":"article","og_title":"Langlauf Weltcup 2025\/2026: Die Rennen auf einen Blick","og_description":"Kaum eine Wettkampfserie im Winter lebt so sehr von ihrer Tradition wie der Langlauf Weltcup. In Norwegen, der Wiege des nordischen Skisports, wurden bereits 1843 die ersten Langlaufrennen dokumentiert. Bis ins 21. Jahrhundert hat sich die Szene nat\u00fcrlich enorm weiterentwickelt. Heute wird im FIS Langlauf Weltcup sowohl auf den ganz langen, historischen Distanzen als auch bei den kurzen, innovativen Rennen um jeden Zentimeter gek\u00e4mpft. Die vergangene Saison, die wieder Hunderttausende Fans an den Loipen und vor den Fernsehern in ihren Bann zog, wurde von Harald \u00d8stberg Amundsen (Norwegen) und Jessie Diggins (USA) dominiert. Welches Rennen wann und vor allem wo im Weltcup-Programm 2024\/2025 stattfindet, hat SnowTrex jetzt zusammengefasst.","og_url":"https:\/\/www.snowtrex.de\/magazin\/event\/langlauf-weltcup\/","og_site_name":"SnowTrex Ski-Magazin","article_publisher":"https:\/\/www.facebook.com\/SnowTrex.de\/","article_author":"https:\/\/www.facebook.com\/snowtrex\/","article_published_time":"2025-07-07T23:00:00+00:00","article_modified_time":"2026-04-20T12:41:49+00:00","og_image":[{"width":1080,"height":1080,"url":"https:\/\/www.snowtrex.de\/magazin\/files\/2024\/07\/26512_Langlauf_Weltcup.jpg","type":"image\/jpeg"}],"author":"SnowTrex","twitter_card":"summary_large_image","twitter_misc":{"Verfasst von":"SnowTrex","Gesch\u00e4tzte Lesezeit":"10\u00a0Minuten"},"schema":{"@context":"https:\/\/schema.org","@graph":[{"@type":"Article","@id":"https:\/\/www.snowtrex.de\/magazin\/event\/langlauf-weltcup\/#article","isPartOf":{"@id":"https:\/\/www.snowtrex.de\/magazin\/event\/langlauf-weltcup\/"},"author":{"name":"SnowTrex","@id":"https:\/\/www.snowtrex.de\/magazin\/#\/schema\/person\/d4e6fac722a8050f9a352891795d42d2"},"headline":"Langlauf Weltcup 2025\/2026: Die Rennen auf einen Blick","datePublished":"2025-07-07T23:00:00+00:00","dateModified":"2026-04-20T12:41:49+00:00","mainEntityOfPage":{"@id":"https:\/\/www.snowtrex.de\/magazin\/event\/langlauf-weltcup\/"},"wordCount":1622,"publisher":{"@id":"https:\/\/www.snowtrex.de\/magazin\/#organization"},"image":{"@id":"https:\/\/www.snowtrex.de\/magazin\/event\/langlauf-weltcup\/#primaryimage"},"thumbnailUrl":"https:\/\/www.snowtrex.de\/magazin\/files\/2022\/12\/RS26512_shutterstock_1605515626-scr.jpg","keywords":["Cadore","Cavalese","Cortina d'Ampezzo","Davos","Davos-Klosters","Deutschland","Dolomitenregion 3 Zinnen","Fleimstal","Graub\u00fcnden","Italien","Oberhof","Schweiz","S\u00fcdtirol","Tesero","Th\u00fcringen","Th\u00fcringer Wald","Toblach","Trentino","Venetien"],"articleSection":["Event"],"inLanguage":"de"},{"@type":"WebPage","@id":"https:\/\/www.snowtrex.de\/magazin\/event\/langlauf-weltcup\/","url":"https:\/\/www.snowtrex.de\/magazin\/event\/langlauf-weltcup\/","name":"Langlauf Weltcup: Alle Rennen & Termine 2025\/2026","primaryImageOfPage":{"@id":"https:\/\/www.snowtrex.de\/magazin\/event\/langlauf-weltcup\/#primaryimage"},"image":{"@id":"https:\/\/www.snowtrex.de\/magazin\/event\/langlauf-weltcup\/#primaryimage"},"thumbnailUrl":"https:\/\/www.snowtrex.de\/magazin\/files\/2022\/12\/RS26512_shutterstock_1605515626-scr.jpg","datePublished":"2025-07-07T23:00:00+00:00","dateModified":"2026-04-20T12:41:49+00:00","description":"Langlauf Weltcup - SnowTrex pr\u00e4sentiert alle Termine f\u00fcr die Wettk\u00e4mpfe vom FIS Langlauf Weltcup 2025\/2026 auf einen Blick.","inLanguage":"de"},{"@type":"ImageObject","inLanguage":"de","@id":"https:\/\/www.snowtrex.de\/magazin\/event\/langlauf-weltcup\/#primaryimage","url":"https:\/\/www.snowtrex.de\/magazin\/files\/2022\/12\/RS26512_shutterstock_1605515626-scr.jpg","contentUrl":"https:\/\/www.snowtrex.de\/magazin\/files\/2022\/12\/RS26512_shutterstock_1605515626-scr.jpg","width":1440,"height":923},{"@type":"WebSite","@id":"https:\/\/www.snowtrex.de\/magazin\/#website","url":"https:\/\/www.snowtrex.de\/magazin\/","name":"SnowTrex Ski-Magazin","description":"Alles rund um Skifahren, Snowboarden und Winterurlaub!","publisher":{"@id":"https:\/\/www.snowtrex.de\/magazin\/#organization"},"inLanguage":"de"},{"@type":"Organization","@id":"https:\/\/www.snowtrex.de\/magazin\/#organization","name":"TravelTrex GmbH","url":"https:\/\/www.snowtrex.de\/magazin\/","logo":{"@type":"ImageObject","inLanguage":"de","@id":"https:\/\/www.snowtrex.de\/magazin\/#\/schema\/logo\/image\/","url":"https:\/\/www.snowtrex.de\/magazin\/files\/2025\/09\/TravelTrex-Logo_RGB_transp.png","contentUrl":"https:\/\/www.snowtrex.de\/magazin\/files\/2025\/09\/TravelTrex-Logo_RGB_transp.png","width":1080,"height":282,"caption":"TravelTrex GmbH"},"image":{"@id":"https:\/\/www.snowtrex.de\/magazin\/#\/schema\/logo\/image\/"},"sameAs":["https:\/\/www.facebook.com\/SnowTrex.de\/","https:\/\/www.instagram.com\/snowtrex_ski\/"],"description":"Seit 1999 ist SnowTrex Deutschlands f\u00fchrender Reiseveranstalter f\u00fcr Skiurlaub. Das Unternehmen vertreibt seine Angebote in 13 Sprachen und bringt j\u00e4hrlich \u00fcber 100.000 G\u00e4ste in in beliebte Destinationen wie \u00d6sterreich, Frankreich, Italien, die Schweiz und Deutschland.","email":"info-de@snowtrex.com","telephone":"01806 77 35 00 00","legalName":"TravelTrex GmbH","foundingDate":"1999-07-01","vatID":"DE 813 076 768","numberOfEmployees":{"@type":"QuantitativeValue","minValue":"51","maxValue":"200"}},{"@type":"Person","@id":"https:\/\/www.snowtrex.de\/magazin\/#\/schema\/person\/d4e6fac722a8050f9a352891795d42d2","name":"SnowTrex","description":"Die Redaktion des SnowTrex-Magazins vereint erfahrene Wintersportler und Reiseexperten, die ihre Leidenschaft in fundierte Beitr\u00e4ge \u00fcber Skigebiete, Ausr\u00fcstung und Reisetipps einflie\u00dfen lassen. Seit 1999 ist SnowTrex Deutschlands f\u00fchrender Reiseveranstalter f\u00fcr Skiurlaub. Das Unternehmen vertreibt seine Angebote in 13 Sprachen und bringt j\u00e4hrlich \u00fcber 100.000 G\u00e4ste in in beliebte Destinationen wie \u00d6sterreich, Frankreich, Italien, die Schweiz und Deutschland.","sameAs":["https:\/\/www.snowtrex.de\/","https:\/\/www.facebook.com\/snowtrex\/","https:\/\/www.instagram.com\/snowtrex_ski\/","https:\/\/www.youtube.com\/c\/SnowTrex"]}]}},"wp-worthy-pixel":{"ignored":false,"public":"32add5fd69a84612a6955ab7914e8cbb","server":"vg02.met.vgwort.de","url":"http:\/\/vg02.met.vgwort.de\/na\/32add5fd69a84612a6955ab7914e8cbb"},"wp-worthy-type":"normal","_links":{"self":[{"href":"https:\/\/www.snowtrex.de\/magazin\/wp-json\/wp\/v2\/posts\/50528","targetHints":{"allow":["GET"]}}],"collection":[{"href":"https:\/\/www.snowtrex.de\/magazin\/wp-json\/wp\/v2\/posts"}],"about":[{"href":"https:\/\/www.snowtrex.de\/magazin\/wp-json\/wp\/v2\/types\/post"}],"author":[{"embeddable":true,"href":"https:\/\/www.snowtrex.de\/magazin\/wp-json\/wp\/v2\/users\/172"}],"replies":[{"embeddable":true,"href":"https:\/\/www.snowtrex.de\/magazin\/wp-json\/wp\/v2\/comments?post=50528"}],"version-history":[{"count":43,"href":"https:\/\/www.snowtrex.de\/magazin\/wp-json\/wp\/v2\/posts\/50528\/revisions"}],"predecessor-version":[{"id":65203,"href":"https:\/\/www.snowtrex.de\/magazin\/wp-json\/wp\/v2\/posts\/50528\/revisions\/65203"}],"wp:featuredmedia":[{"embeddable":true,"href":"https:\/\/www.snowtrex.de\/magazin\/wp-json\/wp\/v2\/media\/52477"}],"wp:attachment":[{"href":"https:\/\/www.snowtrex.de\/magazin\/wp-json\/wp\/v2\/media?parent=50528"}],"wp:term":[{"taxonomy":"category","embeddable":true,"href":"https:\/\/www.snowtrex.de\/magazin\/wp-json\/wp\/v2\/categories?post=50528"},{"taxonomy":"post_tag","embeddable":true,"href":"https:\/\/www.snowtrex.de\/magazin\/wp-json\/wp\/v2\/tags?post=50528"}],"curies":[{"name":"wp","href":"https:\/\/api.w.org\/{rel}","templated":true}]}}