{"id":16673,"date":"2024-12-15T15:38:23","date_gmt":"2024-12-15T14:38:23","guid":{"rendered":"https:\/\/www.snowtrex.de\/magazin\/?p=16673"},"modified":"2025-06-26T14:08:18","modified_gmt":"2025-06-26T12:08:18","slug":"buckelpiste","status":"publish","type":"post","link":"https:\/\/www.snowtrex.de\/magazin\/interviews-reportagen\/buckelpiste\/","title":{"rendered":"So fahre ich sicher auf der Buckelpiste"},"content":{"rendered":"<p><strong>Zum Skifahren geh\u00f6rt eine ganze Menge Fahrtechnik und Taktik. <a href=\"https:\/\/www.snowtrex.de\/\" target=\"_blank\" rel=\"noopener noreferrer\">SnowTrex<\/a> hat mit Max Holzmann gesprochen, Ausbildungsleiter des Deutschen Skilehrer Verbandes (DSLV). Der staatlich gepr\u00fcfte Skilehrer gibt wertvolle Experten-Tipps zum sicheren Fahren auf einer Buckelpiste.<\/strong><\/p>\n<div class=\"tt-post-image-wrapper tt-post-image-wrapper-full\">\n            <div class=\"tt-image-copyright-container\">\n                <a href=\"https:\/\/www.snowtrex.de\/magazin\/files\/2017\/07\/stw0039878-1.jpg\"><img loading=\"lazy\" decoding=\"async\" data-wrapped=\"true\" class=\"wp-image-29882 size-Artikelbild_gro\u00df\" title=\"Die Mont-Fort Buckelpiste in der Schweiz.\" src=\"https:\/\/www.snowtrex.de\/magazin\/files\/2017\/07\/stw0039878-1-729x486.jpg\" alt=\"Die Mont-Fort Buckelpiste in der Schweiz.\" width=\"729\" height=\"486\" srcset=\"https:\/\/www.snowtrex.de\/magazin\/files\/2017\/07\/stw0039878-1-729x487.jpg 729w, https:\/\/www.snowtrex.de\/magazin\/files\/2017\/07\/stw0039878-1-290x194.jpg 290w, https:\/\/www.snowtrex.de\/magazin\/files\/2017\/07\/stw0039878-1-768x513.jpg 768w, https:\/\/www.snowtrex.de\/magazin\/files\/2017\/07\/stw0039878-1-728x486.jpg 728w, https:\/\/www.snowtrex.de\/magazin\/files\/2017\/07\/stw0039878-1-468x312.jpg 468w, https:\/\/www.snowtrex.de\/magazin\/files\/2017\/07\/stw0039878-1-300x200.jpg 300w, https:\/\/www.snowtrex.de\/magazin\/files\/2017\/07\/stw0039878-1-999x666.jpg 999w, https:\/\/www.snowtrex.de\/magazin\/files\/2017\/07\/stw0039878-1-645x430.jpg 645w, https:\/\/www.snowtrex.de\/magazin\/files\/2017\/07\/stw0039878-1-552x368.jpg 552w, https:\/\/www.snowtrex.de\/magazin\/files\/2017\/07\/stw0039878-1-405x270.jpg 405w, https:\/\/www.snowtrex.de\/magazin\/files\/2017\/07\/stw0039878-1-336x224.jpg 336w, https:\/\/www.snowtrex.de\/magazin\/files\/2017\/07\/stw0039878-1-276x184.jpg 276w, https:\/\/www.snowtrex.de\/magazin\/files\/2017\/07\/stw0039878-1-234x156.jpg 234w, https:\/\/www.snowtrex.de\/magazin\/files\/2017\/07\/stw0039878-1-192x128.jpg 192w, https:\/\/www.snowtrex.de\/magazin\/files\/2017\/07\/stw0039878-1-120x80.jpg 120w, https:\/\/www.snowtrex.de\/magazin\/files\/2017\/07\/stw0039878-1.jpg 1200w\" sizes=\"(min-width: 1009px) 729px, (min-width: 819px) 594px, (min-width: 569px) 729px, (min-width: 449px) 468px, 348px\" \/><\/a><div class=\"tt-image-copyright\" data-image-id=\"29882\">Ivo Scholz\/Switzerland Tourism<\/div>\n            <\/div>\n            <div class=\"tt-post-caption\">Die Mont-Fort Buckelpiste in der Schweiz.<\/div>\n         <\/div > \n<div class=\"tt-table-of-content\">\n                <span class=\"tt-icon-circle-up tt-table-of-content-button\"><\/span><\/p>\n<div class=\"tt-table-of-content-caption\">\n                    Inhaltsverzeichnis\n                <\/div>\n<div class=\"tt-table-of-content-body\">\n                    <a href=\"#wie-entstehen-buckelpisten?\"><span class=\"layer-0\">Wie entstehen Buckelpisten?<\/span><\/a><a href=\"#buckelt\u00e4ler-und--spitzen\"><span class=\"layer-0\">Buckelt\u00e4ler und -spitzen<\/span><\/a><a href=\"#buckel-ist-nicht-gleich-buckel\"><span class=\"layer-0\">Buckel ist nicht gleich Buckel<\/span><\/a><a href=\"#devise:-agil-und-stabil-sein\"><span class=\"layer-0\">Devise: Agil und stabil sein<\/span><\/a><a href=\"#kurvenwechsel-auf-der-buckelpiste\"><span class=\"layer-0\">Kurvenwechsel auf der Buckelpiste<\/span><\/a><a href=\"#zusammenfassung\"><span class=\"layer-0\">Zusammenfassung<\/span><\/a><a href=\"#unser-experte-vom-dslv\"><span class=\"layer-0\">Unser Experte vom DSLV<\/span><\/a><a href=\"#faqs-zu-fahrtechniken\"><span class=\"layer-0\">FAQs zu Fahrtechniken<\/span><\/a>\n                 <\/div>\n<\/p><\/div>\n<hr>\n<h2 id=\"wie-entstehen-buckelpisten?\">Wie entstehen Buckelpisten?<\/h2>\n<p>In Skigebieten werden die gewellten, unebenen Pisten nicht extra angelegt. Die meisten von ihnen entstehen im Laufe eines Skitages, wenn die zuvor glatt planierte Abfahrt von zahlreichen Skipaaren und Snowboards durchw\u00fchlt und zerfurcht wurde. Je weicher und tiefer der Schnee, desto h\u00f6her t\u00fcrmen sich sp\u00e4ter die Schneehaufen auf. Zerw\u00fchlte Pisten gibt es also nach einer gewissen Zeit in jedem Skigebiet. Auch im weichen Tiefschnee neben den pr\u00e4parierten Abfahrten bilden sich nach regelm\u00e4\u00dfiger Frequentierung ordentliche H\u00fcgellandschaften. Gel\u00e4ndefahrer finden darin eine besondere Herausforderung.<\/p>\n<h2 id=\"buckelt\u00e4ler-und--spitzen\">Buckelt\u00e4ler und -spitzen<\/h2>\n<p>Da Buckelpiste fahren auch Bestandteil der Skilehrerpr\u00fcfung ist, kennt sich Skilehrer Holzmann in diesem Feld bestens aus. Seine erste Lektion: Es gibt sogenannte Buckelt\u00e4ler und -spitzen. Die &#8222;T\u00e4ler&#8220; sind die Zwischenr\u00e4ume zwischen den H\u00f6ckern, die &#8222;Spitzen&#8220; der h\u00f6chste Punkt des Buckels. Die Kunst ist es, auf beidem die korrekte Fahrweise anzuwenden. &#8222;Dieses Terrain ist h\u00f6chst variantenreich, wodurch eine eingeschr\u00e4nkte, vorgegebene Spur entsteht&#8220;, so Holzmann. &#8222;In welligem Gel\u00e4nde kann der Fahrer seine Spur nicht uneingeschr\u00e4nkt frei w\u00e4hlen. Um die einzelnen H\u00f6cker zu bezwingen, muss man sich deren Beschaffenheit bewusst machen.&#8220; Es geht also unentwegt auf und ab und schnelle Drehungen m\u00fcssen vollf\u00fchrt werden.<\/p>\n<h2 id=\"buckel-ist-nicht-gleich-buckel\">Buckel ist nicht gleich Buckel<\/h2>\n<p>Sind Buckelpisten also nur f\u00fcr sehr gute Fahrer geeignet? Nicht unbedingt. &#8222;Es h\u00e4ngt von der H\u00f6he und den Abst\u00e4nden der Erhebungen ab&#8220;, wei\u00df Holzmann. &#8222;Wenn die Buckel hart und steil sind, wird es besonders schwierig. Eine klassische Buckelpiste im Steilhang sollte man nur befahren, wenn man seine Bewegungen sicher und schnell anpassen kann. Es gibt aber auch Buckelpisten im flacheren Gel\u00e4nde mit geringer Buckelh\u00f6he. Das ist ein hervorragendes Lerngel\u00e4nde.&#8220; Hier wie dort ist jedoch immer eine bewegliche K\u00f6rperhaltung wichtig.<\/p>\n<h2 id=\"devise:-agil-und-stabil-sein\">Devise: Agil und stabil sein<\/h2>\n<p>Buckelpistenfahrer m\u00fcssen eine gro\u00dfe Beweglichkeit an den Tag legen. Sie m\u00fcssen schnell auf die neuen Gegebenheiten reagieren k\u00f6nnen, die hinter dem n\u00e4chsten H\u00f6cker warten und auch der Kurvenwechsel will ordentlich eingeleitet werden. Schnelligkeit, Koordination und Rhythmusgef\u00fchl sind hier enorm wichtig. &#8222;Man muss sich st\u00e4ndig den Gel\u00e4ndegegebenheiten anpassen k\u00f6nnen&#8220;, mahnt Holzmann. &#8222;Wenn das nicht der Fall ist, ist es anstrengend und letztendlich gef\u00e4hrlich.&#8220; Dazu ist eine bewegungsbereite Position einzunehmen: ein mittiger, gleichm\u00e4\u00dfiger Stand auf dem Ski, Knie-, H\u00fcft- und Fu\u00dfgelenke sind leicht gebeugt, der Oberk\u00f6rper aufrecht. Die Skier werden eng gef\u00fchrt und sollten immer Bodenkontakt haben. Zur agilen K\u00f6rperhaltung geh\u00f6rt auch das Federn in den Knien. Diese rhythmische Auf- und Ab-Bewegung dient als Sto\u00dfd\u00e4mpfer f\u00fcr den holprigen Untergrund. Der Oberk\u00f6rper und die Arme bleiben derweil so gut es geht ruhig. Entscheidend ist eine gute K\u00f6rperspannung, die durch eine stabile Rumpfmuskulatur erzeugt wird.<\/p>\n<h2 id=\"kurvenwechsel-auf-der-buckelpiste\">Kurvenwechsel auf der Buckelpiste<\/h2>\n<p>Mit dem Federn h\u00e4ngt auch der Kurvenwechsel zusammen. Die Kurveneinleitung, der Wechsel und das Auffahren auf den n\u00e4chsten Buckel funktionieren nur mit einem gleichm\u00e4\u00dfigen Fahrrhythmus. Holzmanns Tipp: &#8222;Je enger die Buckel stehen, desto schwieriger ist es, sich im Wellental zu bewegen. Wer sich also gekonnt durch die Buckel k\u00e4mpfen will, der sollte die Kurve am besten nicht im Tal einleiten.&#8220; Der Kurvenwechsel findet idealerweise neben der Buckelspitze, die Kurve selbst in der Abw\u00e4rtsbewegung statt. Beim Einleiten der Kurve werden die Beine angezogen, in der Kurve werden sie dann wieder gestreckt. Diese Bewegung nennt man auch Ausgleichstechnik, da sie genau anders herum ausgef\u00fchrt wird als beim Befahren einer ebenen Piste. &#8222;Wichtig ist auch, dass das Bremsen beim schnellen Drehen auf den Buckeln nicht automatisch gegeben ist. Wenn man auf der Buckelspitze die Ski dreht und dann die Buckel mit gedrifteten Skiern mehr oder weniger hinunterrutscht, erh\u00f6ht das die Bremswirkung und die Sicherheit beim Kurvenfahren.&#8220; Generell gilt die Faustformel: Der Experte f\u00e4hrt von Buckelflanke zu Buckelflanke. Die K\u00f6nner driften von der Buckelspitze ins Wellental und der Anf\u00e4nger f\u00e4hrt nur im Wellental.<\/p>\n<h2 id=\"zusammenfassung\">Zusammenfassung<\/h2>\n<p>Zum Befahren von welligen Pisten ist eine bewegungsbereite K\u00f6rperhaltung mit viel K\u00f6rperspannung und enger Skif\u00fchrung n\u00f6tig. Beim Kurvenwechsel zwischen Buckelspitze und Wellental z\u00e4hlen aktive Beinarbeit und federnde Knie. Der Oberk\u00f6rper bleibt von den schnellen Bewegungen weitestgehend unber\u00fchrt und ruhig. Besonders hohe Buckel lassen sich mit der Ausgleichstechnik \u2013 aktives Anziehen der Beine im Kurvenwechsel und Beinstrecken in der Kurve \u2013 bew\u00e4ltigen.<\/p>\n<div class=\"tt-post-image-wrapper tt-post-image-wrapper-full\">\n            <div class=\"tt-image-copyright-container\">\n                <a href=\"https:\/\/www.snowtrex.de\/magazin\/files\/2016\/06\/Max-Holzmann-c-Deutscher-Skilehrerverband-eV._1000x800.jpg\"><img loading=\"lazy\" decoding=\"async\" data-wrapped=\"true\" class=\"wp-image-16601 size-Artikelbild_gro\u00df_flexibel\" title=\"DSLV-Ausbildungsleiter Max Holzmann.\" src=\"https:\/\/www.snowtrex.de\/magazin\/files\/2016\/06\/Max-Holzmann-c-Deutscher-Skilehrerverband-eV._1000x800-729x583.jpg\" alt=\"DSLV-Ausbildungsleiter Max Holzmann.\" width=\"729\" height=\"583\" srcset=\"https:\/\/www.snowtrex.de\/magazin\/files\/2016\/06\/Max-Holzmann-c-Deutscher-Skilehrerverband-eV._1000x800-729x583.jpg 729w, https:\/\/www.snowtrex.de\/magazin\/files\/2016\/06\/Max-Holzmann-c-Deutscher-Skilehrerverband-eV._1000x800-290x232.jpg 290w, https:\/\/www.snowtrex.de\/magazin\/files\/2016\/06\/Max-Holzmann-c-Deutscher-Skilehrerverband-eV._1000x800-768x614.jpg 768w, https:\/\/www.snowtrex.de\/magazin\/files\/2016\/06\/Max-Holzmann-c-Deutscher-Skilehrerverband-eV._1000x800-728x582.jpg 728w, https:\/\/www.snowtrex.de\/magazin\/files\/2016\/06\/Max-Holzmann-c-Deutscher-Skilehrerverband-eV._1000x800-468x374.jpg 468w, https:\/\/www.snowtrex.de\/magazin\/files\/2016\/06\/Max-Holzmann-c-Deutscher-Skilehrerverband-eV._1000x800.jpg 1000w\" sizes=\"(min-width: 1009px) 729px, (min-width: 819px) 594px, (min-width: 569px) 729px, (min-width: 449px) 468px, 348px\" \/><\/a><div class=\"tt-image-copyright\" data-image-id=\"16601\">\u00a9 Deutscher Skilehrerverband e. V.<\/div>\n            <\/div>\n            <div class=\"tt-post-caption\">DSLV-Ausbildungsleiter Max Holzmann.<\/div>\n         <\/div > \n<h2 id=\"unser-experte-vom-dslv\">Unser Experte vom DSLV<\/h2>\n<p>Max Holzmann ist staatlich gepr\u00fcfter Skilehrer und Vorstand Ausbildung im deutschen Skilehrerverband (DSLV). In seinem Verantwortungsbereich liegen die Inhalte der Ausbildungslehrg\u00e4nge, die jeweiligen Pr\u00fcfungslevel und Schwierigkeitsgrade in allen Ausbildungsstufen vom Level 1 bis zur staatlich gepr\u00fcften Skilehrerpr\u00fcfung, in den Unterrichtsf\u00e4chern Motorik, Methodik und Theorie.<\/p>\n<p>Mehr Infos rund um\u00a0<a href=\"https:\/\/www.snowtrex.de\/magazin\/sicherheit-beim-skifahren\/fahrtechniken\/\" target=\"_blank\" rel=\"noopener noreferrer\">Fahrtechniken beim Skifahren<\/a>\u00a0gef\u00e4llig?<\/p>\n<h2 id=\"faqs-zu-fahrtechniken\">FAQs zu Fahrtechniken<\/h2>\n<h3>Wie fahre ich auf flachem Gel\u00e4nde?<\/h3>\n<p>Es gibt verschiedene Techniken, um sich im flachen Gel\u00e4nde auf alpinen Ski fortzubewegen. Am einfachsten ist es, sich mit den St\u00f6cken anzuschieben und dabei mit den Ski abwechselnd gleitende Bewegungen nach vorne zu machen.<\/p>\n<h3>K\u00f6nnen Anf\u00e4nger auf Buckelpisten fahren?<\/h3>\n<p>Nein! Buckelpisten sind sehr anspruchsvoll und erfordern h\u00f6chste Konzentration und viel K\u00f6nnen. Daher sind sie f\u00fcr Anf\u00e4nger nicht geeignet. Wer jedoch das Fahren auf Buckelpisten beherrscht, kommt auf fast jedem Terrain gut zurecht.<\/p>\n<h3>Was ist die beste Fahrtechnik f\u00fcr Buckelpisten?<\/h3>\n<p>Auf Buckelpisten sollte stets Bodenkontakt gehalten und beim Fahren konstante rhythmische Hoch-Tief-Bewegungen ausgef\u00fchrt werden. Der Oberk\u00f6rper wird aufrecht und ruhig gehalten und der Einsatz der St\u00f6cke kommt vorsichtig aus dem Handgelenk. Doch das Fahren auf Buckelpisten erfordert nicht nur eine gute Technik, sondern auch eine gute K\u00f6rperspannung, k\u00f6rperliche Fitness und viel Aufmerksamkeit.<\/p>\n<h3>Was sind die Gefahren beim Tiefschnee?<\/h3>\n<p>Wer den Tiefschnee au\u00dferhalb der pr\u00e4parierten Pisten sucht, befindet sich auf einem Terrain mit h\u00f6herem Lawinenrisiko und Naturgefahren wie Tree-Wells oder schlechten Wetterbedingungen. Dar\u00fcber hinaus kann das schnelle Gleiten im Pulverschnee zu einem riskanten, zu schnellen Fahren verleiten. Damit steigt die Unfallgefahr f\u00fcr sich und andere. Wer im Gel\u00e4nde f\u00e4hrt, muss entsprechend ausger\u00fcstet und geschult sein. Wahlweise kann man auch einen Skif\u00fchrer oder einen Tiefschneekurs buchen.<\/p><div id=\"wp-worthy-pixel\"><img decoding=\"async\" class=\"wp-worthy-pixel-img skip-lazy \" src=\"http:\/\/vg06.met.vgwort.de\/na\/2bac2dde6df545f9acce022564f26e6e\" loading=\"eager\" data-no-lazy=\"1\" data-skip-lazy=\"1\" height=\"1\" width=\"1\" alt=\"\" \/><\/div>\n","protected":false},"excerpt":{"rendered":"<p>Zum Skifahren geh\u00f6rt eine ganze Menge Fahrtechnik und Taktik. SnowTrex hat mit Max Holzmann gesprochen, Ausbildungsleiter des Deutschen Skilehrer Verbandes (DSLV). Der staatlich gepr\u00fcfte Skilehrer gibt wertvolle Experten-Tipps zum sicheren Fahren auf einer Buckelpiste.<\/p>\n","protected":false},"author":172,"featured_media":29882,"comment_status":"closed","ping_status":"closed","sticky":false,"template":"","format":"standard","meta":{"footnotes":""},"categories":[58],"tags":[],"class_list":["post-16673","post","type-post","status-publish","format-standard","has-post-thumbnail","hentry","category-interviews-reportagen"],"yoast_head":"<!-- This site is optimized with the Yoast SEO Premium plugin v27.3 (Yoast SEO v27.3) - https:\/\/yoast.com\/product\/yoast-seo-premium-wordpress\/ -->\n<title>Buckelpiste - Tipps f\u00fcrs Buckelpiste fahren - Fahrtechnik<\/title>\n<meta name=\"description\" content=\"Zum Skifahren geh\u00f6ren Fahrtechnik und Taktik. DSLV-Ausbildungsleiter Max Holzmann gibt Experten-Tipps zum souver\u00e4nen Fahren auf der Buckelpiste.\" \/>\n<meta name=\"robots\" content=\"index, follow, max-snippet:-1, max-image-preview:large, max-video-preview:-1\" \/>\n<link rel=\"canonical\" href=\"https:\/\/www.snowtrex.de\/magazin\/interviews-reportagen\/buckelpiste\/\" \/>\n<meta property=\"og:locale\" content=\"de_DE\" \/>\n<meta property=\"og:type\" content=\"article\" \/>\n<meta property=\"og:title\" content=\"So fahre ich sicher auf der Buckelpiste\" \/>\n<meta property=\"og:description\" content=\"Zum Skifahren geh\u00f6rt eine ganze Menge Fahrtechnik und Taktik. SnowTrex hat mit Max Holzmann gesprochen, Ausbildungsleiter des Deutschen Skilehrer Verbandes (DSLV). Der staatlich gepr\u00fcfte Skilehrer gibt wertvolle Experten-Tipps zum sicheren Fahren auf einer Buckelpiste.\" \/>\n<meta property=\"og:url\" content=\"https:\/\/www.snowtrex.de\/magazin\/interviews-reportagen\/buckelpiste\/\" \/>\n<meta property=\"og:site_name\" content=\"SnowTrex Ski-Magazin\" \/>\n<meta property=\"article:publisher\" content=\"https:\/\/www.facebook.com\/SnowTrex.de\/\" \/>\n<meta property=\"article:author\" content=\"https:\/\/www.facebook.com\/snowtrex\/\" \/>\n<meta property=\"article:published_time\" content=\"2024-12-15T14:38:23+00:00\" \/>\n<meta property=\"article:modified_time\" content=\"2025-06-26T12:08:18+00:00\" \/>\n<meta property=\"og:image\" content=\"https:\/\/www.snowtrex.de\/magazin\/files\/2017\/07\/stw0039878-1.jpg\" \/>\n\t<meta property=\"og:image:width\" content=\"1200\" \/>\n\t<meta property=\"og:image:height\" content=\"801\" \/>\n\t<meta property=\"og:image:type\" content=\"image\/jpeg\" \/>\n<meta name=\"author\" content=\"SnowTrex\" \/>\n<meta name=\"twitter:card\" content=\"summary_large_image\" \/>\n<meta name=\"twitter:label1\" content=\"Verfasst von\" \/>\n\t<meta name=\"twitter:data1\" content=\"SnowTrex\" \/>\n\t<meta name=\"twitter:label2\" content=\"Gesch\u00e4tzte Lesezeit\" \/>\n\t<meta name=\"twitter:data2\" content=\"7\u00a0Minuten\" \/>\n<script type=\"application\/ld+json\" class=\"yoast-schema-graph\">{\"@context\":\"https:\\\/\\\/schema.org\",\"@graph\":[{\"@type\":\"Article\",\"@id\":\"http:\\\/\\\/wp-magazin.snowtrex.de\\\/interviews-reportagen\\\/buckelpiste\\\/#article\",\"isPartOf\":{\"@id\":\"http:\\\/\\\/wp-magazin.snowtrex.de\\\/interviews-reportagen\\\/buckelpiste\\\/\"},\"author\":{\"name\":\"SnowTrex\",\"@id\":\"http:\\\/\\\/wp-magazin.snowtrex.de\\\/#\\\/schema\\\/person\\\/d4e6fac722a8050f9a352891795d42d2\"},\"headline\":\"So fahre ich sicher auf der Buckelpiste\",\"datePublished\":\"2024-12-15T14:38:23+00:00\",\"dateModified\":\"2025-06-26T12:08:18+00:00\",\"mainEntityOfPage\":{\"@id\":\"http:\\\/\\\/wp-magazin.snowtrex.de\\\/interviews-reportagen\\\/buckelpiste\\\/\"},\"wordCount\":1101,\"publisher\":{\"@id\":\"http:\\\/\\\/wp-magazin.snowtrex.de\\\/#organization\"},\"image\":{\"@id\":\"http:\\\/\\\/wp-magazin.snowtrex.de\\\/interviews-reportagen\\\/buckelpiste\\\/#primaryimage\"},\"thumbnailUrl\":\"http:\\\/\\\/wp-magazin.snowtrex.de\\\/files\\\/2017\\\/07\\\/stw0039878-1.jpg\",\"articleSection\":[\"Interviews &amp; Reportagen\"],\"inLanguage\":\"de\"},{\"@type\":\"WebPage\",\"@id\":\"http:\\\/\\\/wp-magazin.snowtrex.de\\\/interviews-reportagen\\\/buckelpiste\\\/\",\"url\":\"http:\\\/\\\/wp-magazin.snowtrex.de\\\/interviews-reportagen\\\/buckelpiste\\\/\",\"name\":\"Buckelpiste - Tipps f\u00fcrs Buckelpiste fahren - Fahrtechnik\",\"primaryImageOfPage\":{\"@id\":\"http:\\\/\\\/wp-magazin.snowtrex.de\\\/interviews-reportagen\\\/buckelpiste\\\/#primaryimage\"},\"image\":{\"@id\":\"http:\\\/\\\/wp-magazin.snowtrex.de\\\/interviews-reportagen\\\/buckelpiste\\\/#primaryimage\"},\"thumbnailUrl\":\"http:\\\/\\\/wp-magazin.snowtrex.de\\\/files\\\/2017\\\/07\\\/stw0039878-1.jpg\",\"datePublished\":\"2024-12-15T14:38:23+00:00\",\"dateModified\":\"2025-06-26T12:08:18+00:00\",\"description\":\"Zum Skifahren geh\u00f6ren Fahrtechnik und Taktik. DSLV-Ausbildungsleiter Max Holzmann gibt Experten-Tipps zum souver\u00e4nen Fahren auf der Buckelpiste.\",\"inLanguage\":\"de\"},{\"@type\":\"ImageObject\",\"inLanguage\":\"de\",\"@id\":\"http:\\\/\\\/wp-magazin.snowtrex.de\\\/interviews-reportagen\\\/buckelpiste\\\/#primaryimage\",\"url\":\"http:\\\/\\\/wp-magazin.snowtrex.de\\\/files\\\/2017\\\/07\\\/stw0039878-1.jpg\",\"contentUrl\":\"http:\\\/\\\/wp-magazin.snowtrex.de\\\/files\\\/2017\\\/07\\\/stw0039878-1.jpg\",\"width\":1200,\"height\":801,\"caption\":\"Schweiz. ganz natuerlich. Im Skigebiet bei Verbier, VS. Hier die Mont-Fort Buckelpiste. Switzerland. get natural. At the ski resort in Verbier, VS. Here, the Mont-Fort moguls. Suisse. tout naturellement. Dans la station de ski a Verbier, VS. Ici, les bosses Mont-Fort. Copyright by: Switzerland Tourism - By-Line: swiss-image.ch\\\/Ivo Scholz\"},{\"@type\":\"WebSite\",\"@id\":\"http:\\\/\\\/wp-magazin.snowtrex.de\\\/#website\",\"url\":\"http:\\\/\\\/wp-magazin.snowtrex.de\\\/\",\"name\":\"SnowTrex Ski-Magazin\",\"description\":\"Alles rund um Skifahren, Snowboarden und Winterurlaub!\",\"publisher\":{\"@id\":\"http:\\\/\\\/wp-magazin.snowtrex.de\\\/#organization\"},\"inLanguage\":\"de\"},{\"@type\":\"Organization\",\"@id\":\"http:\\\/\\\/wp-magazin.snowtrex.de\\\/#organization\",\"name\":\"TravelTrex GmbH\",\"url\":\"http:\\\/\\\/wp-magazin.snowtrex.de\\\/\",\"logo\":{\"@type\":\"ImageObject\",\"inLanguage\":\"de\",\"@id\":\"http:\\\/\\\/wp-magazin.snowtrex.de\\\/#\\\/schema\\\/logo\\\/image\\\/\",\"url\":\"http:\\\/\\\/wp-magazin.snowtrex.de\\\/files\\\/2025\\\/09\\\/TravelTrex-Logo_RGB_transp.png\",\"contentUrl\":\"http:\\\/\\\/wp-magazin.snowtrex.de\\\/files\\\/2025\\\/09\\\/TravelTrex-Logo_RGB_transp.png\",\"width\":1080,\"height\":282,\"caption\":\"TravelTrex GmbH\"},\"image\":{\"@id\":\"http:\\\/\\\/wp-magazin.snowtrex.de\\\/#\\\/schema\\\/logo\\\/image\\\/\"},\"sameAs\":[\"https:\\\/\\\/www.facebook.com\\\/SnowTrex.de\\\/\",\"https:\\\/\\\/www.instagram.com\\\/snowtrex_ski\\\/\"],\"description\":\"Seit 1999 ist SnowTrex Deutschlands f\u00fchrender Reiseveranstalter f\u00fcr Skiurlaub. Das Unternehmen vertreibt seine Angebote in 13 Sprachen und bringt j\u00e4hrlich \u00fcber 100.000 G\u00e4ste in in beliebte Destinationen wie \u00d6sterreich, Frankreich, Italien, die Schweiz und Deutschland.\",\"email\":\"info-de@snowtrex.com\",\"telephone\":\"01806 77 35 00 00\",\"legalName\":\"TravelTrex GmbH\",\"foundingDate\":\"1999-07-01\",\"vatID\":\"DE 813 076 768\",\"numberOfEmployees\":{\"@type\":\"QuantitativeValue\",\"minValue\":\"51\",\"maxValue\":\"200\"}},{\"@type\":\"Person\",\"@id\":\"http:\\\/\\\/wp-magazin.snowtrex.de\\\/#\\\/schema\\\/person\\\/d4e6fac722a8050f9a352891795d42d2\",\"name\":\"SnowTrex\",\"description\":\"Die Redaktion des SnowTrex-Magazins vereint erfahrene Wintersportler und Reiseexperten, die ihre Leidenschaft in fundierte Beitr\u00e4ge \u00fcber Skigebiete, Ausr\u00fcstung und Reisetipps einflie\u00dfen lassen. Seit 1999 ist SnowTrex Deutschlands f\u00fchrender Reiseveranstalter f\u00fcr Skiurlaub. Das Unternehmen vertreibt seine Angebote in 13 Sprachen und bringt j\u00e4hrlich \u00fcber 100.000 G\u00e4ste in in beliebte Destinationen wie \u00d6sterreich, Frankreich, Italien, die Schweiz und Deutschland.\",\"sameAs\":[\"https:\\\/\\\/www.snowtrex.de\\\/\",\"https:\\\/\\\/www.facebook.com\\\/snowtrex\\\/\",\"https:\\\/\\\/www.instagram.com\\\/snowtrex_ski\\\/\",\"https:\\\/\\\/www.youtube.com\\\/c\\\/SnowTrex\"]}]}<\/script>\n<!-- \/ Yoast SEO Premium plugin. -->","yoast_head_json":{"title":"Buckelpiste - Tipps f\u00fcrs Buckelpiste fahren - Fahrtechnik","description":"Zum Skifahren geh\u00f6ren Fahrtechnik und Taktik. DSLV-Ausbildungsleiter Max Holzmann gibt Experten-Tipps zum souver\u00e4nen Fahren auf der Buckelpiste.","robots":{"index":"index","follow":"follow","max-snippet":"max-snippet:-1","max-image-preview":"max-image-preview:large","max-video-preview":"max-video-preview:-1"},"canonical":"https:\/\/www.snowtrex.de\/magazin\/interviews-reportagen\/buckelpiste\/","og_locale":"de_DE","og_type":"article","og_title":"So fahre ich sicher auf der Buckelpiste","og_description":"Zum Skifahren geh\u00f6rt eine ganze Menge Fahrtechnik und Taktik. SnowTrex hat mit Max Holzmann gesprochen, Ausbildungsleiter des Deutschen Skilehrer Verbandes (DSLV). Der staatlich gepr\u00fcfte Skilehrer gibt wertvolle Experten-Tipps zum sicheren Fahren auf einer Buckelpiste.","og_url":"https:\/\/www.snowtrex.de\/magazin\/interviews-reportagen\/buckelpiste\/","og_site_name":"SnowTrex Ski-Magazin","article_publisher":"https:\/\/www.facebook.com\/SnowTrex.de\/","article_author":"https:\/\/www.facebook.com\/snowtrex\/","article_published_time":"2024-12-15T14:38:23+00:00","article_modified_time":"2025-06-26T12:08:18+00:00","og_image":[{"width":1200,"height":801,"url":"https:\/\/www.snowtrex.de\/magazin\/files\/2017\/07\/stw0039878-1.jpg","type":"image\/jpeg"}],"author":"SnowTrex","twitter_card":"summary_large_image","twitter_misc":{"Verfasst von":"SnowTrex","Gesch\u00e4tzte Lesezeit":"7\u00a0Minuten"},"schema":{"@context":"https:\/\/schema.org","@graph":[{"@type":"Article","@id":"https:\/\/www.snowtrex.de\/magazin\/interviews-reportagen\/buckelpiste\/#article","isPartOf":{"@id":"https:\/\/www.snowtrex.de\/magazin\/interviews-reportagen\/buckelpiste\/"},"author":{"name":"SnowTrex","@id":"https:\/\/www.snowtrex.de\/magazin\/#\/schema\/person\/d4e6fac722a8050f9a352891795d42d2"},"headline":"So fahre ich sicher auf der Buckelpiste","datePublished":"2024-12-15T14:38:23+00:00","dateModified":"2025-06-26T12:08:18+00:00","mainEntityOfPage":{"@id":"https:\/\/www.snowtrex.de\/magazin\/interviews-reportagen\/buckelpiste\/"},"wordCount":1101,"publisher":{"@id":"https:\/\/www.snowtrex.de\/magazin\/#organization"},"image":{"@id":"https:\/\/www.snowtrex.de\/magazin\/interviews-reportagen\/buckelpiste\/#primaryimage"},"thumbnailUrl":"https:\/\/www.snowtrex.de\/magazin\/files\/2017\/07\/stw0039878-1.jpg","articleSection":["Interviews &amp; Reportagen"],"inLanguage":"de"},{"@type":"WebPage","@id":"https:\/\/www.snowtrex.de\/magazin\/interviews-reportagen\/buckelpiste\/","url":"https:\/\/www.snowtrex.de\/magazin\/interviews-reportagen\/buckelpiste\/","name":"Buckelpiste - Tipps f\u00fcrs Buckelpiste fahren - Fahrtechnik","primaryImageOfPage":{"@id":"https:\/\/www.snowtrex.de\/magazin\/interviews-reportagen\/buckelpiste\/#primaryimage"},"image":{"@id":"https:\/\/www.snowtrex.de\/magazin\/interviews-reportagen\/buckelpiste\/#primaryimage"},"thumbnailUrl":"https:\/\/www.snowtrex.de\/magazin\/files\/2017\/07\/stw0039878-1.jpg","datePublished":"2024-12-15T14:38:23+00:00","dateModified":"2025-06-26T12:08:18+00:00","description":"Zum Skifahren geh\u00f6ren Fahrtechnik und Taktik. DSLV-Ausbildungsleiter Max Holzmann gibt Experten-Tipps zum souver\u00e4nen Fahren auf der Buckelpiste.","inLanguage":"de"},{"@type":"ImageObject","inLanguage":"de","@id":"https:\/\/www.snowtrex.de\/magazin\/interviews-reportagen\/buckelpiste\/#primaryimage","url":"https:\/\/www.snowtrex.de\/magazin\/files\/2017\/07\/stw0039878-1.jpg","contentUrl":"https:\/\/www.snowtrex.de\/magazin\/files\/2017\/07\/stw0039878-1.jpg","width":1200,"height":801,"caption":"Schweiz. ganz natuerlich. Im Skigebiet bei Verbier, VS. Hier die Mont-Fort Buckelpiste. Switzerland. get natural. At the ski resort in Verbier, VS. Here, the Mont-Fort moguls. Suisse. tout naturellement. Dans la station de ski a Verbier, VS. Ici, les bosses Mont-Fort. Copyright by: Switzerland Tourism - By-Line: swiss-image.ch\/Ivo Scholz"},{"@type":"WebSite","@id":"https:\/\/www.snowtrex.de\/magazin\/#website","url":"https:\/\/www.snowtrex.de\/magazin\/","name":"SnowTrex Ski-Magazin","description":"Alles rund um Skifahren, Snowboarden und Winterurlaub!","publisher":{"@id":"https:\/\/www.snowtrex.de\/magazin\/#organization"},"inLanguage":"de"},{"@type":"Organization","@id":"https:\/\/www.snowtrex.de\/magazin\/#organization","name":"TravelTrex GmbH","url":"https:\/\/www.snowtrex.de\/magazin\/","logo":{"@type":"ImageObject","inLanguage":"de","@id":"https:\/\/www.snowtrex.de\/magazin\/#\/schema\/logo\/image\/","url":"https:\/\/www.snowtrex.de\/magazin\/files\/2025\/09\/TravelTrex-Logo_RGB_transp.png","contentUrl":"https:\/\/www.snowtrex.de\/magazin\/files\/2025\/09\/TravelTrex-Logo_RGB_transp.png","width":1080,"height":282,"caption":"TravelTrex GmbH"},"image":{"@id":"https:\/\/www.snowtrex.de\/magazin\/#\/schema\/logo\/image\/"},"sameAs":["https:\/\/www.facebook.com\/SnowTrex.de\/","https:\/\/www.instagram.com\/snowtrex_ski\/"],"description":"Seit 1999 ist SnowTrex Deutschlands f\u00fchrender Reiseveranstalter f\u00fcr Skiurlaub. Das Unternehmen vertreibt seine Angebote in 13 Sprachen und bringt j\u00e4hrlich \u00fcber 100.000 G\u00e4ste in in beliebte Destinationen wie \u00d6sterreich, Frankreich, Italien, die Schweiz und Deutschland.","email":"info-de@snowtrex.com","telephone":"01806 77 35 00 00","legalName":"TravelTrex GmbH","foundingDate":"1999-07-01","vatID":"DE 813 076 768","numberOfEmployees":{"@type":"QuantitativeValue","minValue":"51","maxValue":"200"}},{"@type":"Person","@id":"https:\/\/www.snowtrex.de\/magazin\/#\/schema\/person\/d4e6fac722a8050f9a352891795d42d2","name":"SnowTrex","description":"Die Redaktion des SnowTrex-Magazins vereint erfahrene Wintersportler und Reiseexperten, die ihre Leidenschaft in fundierte Beitr\u00e4ge \u00fcber Skigebiete, Ausr\u00fcstung und Reisetipps einflie\u00dfen lassen. Seit 1999 ist SnowTrex Deutschlands f\u00fchrender Reiseveranstalter f\u00fcr Skiurlaub. Das Unternehmen vertreibt seine Angebote in 13 Sprachen und bringt j\u00e4hrlich \u00fcber 100.000 G\u00e4ste in in beliebte Destinationen wie \u00d6sterreich, Frankreich, Italien, die Schweiz und Deutschland.","sameAs":["https:\/\/www.snowtrex.de\/","https:\/\/www.facebook.com\/snowtrex\/","https:\/\/www.instagram.com\/snowtrex_ski\/","https:\/\/www.youtube.com\/c\/SnowTrex"]}]}},"wp-worthy-pixel":{"ignored":false,"public":"2bac2dde6df545f9acce022564f26e6e","server":"vg06.met.vgwort.de","url":"http:\/\/vg06.met.vgwort.de\/na\/2bac2dde6df545f9acce022564f26e6e"},"wp-worthy-type":"normal","_links":{"self":[{"href":"https:\/\/www.snowtrex.de\/magazin\/wp-json\/wp\/v2\/posts\/16673","targetHints":{"allow":["GET"]}}],"collection":[{"href":"https:\/\/www.snowtrex.de\/magazin\/wp-json\/wp\/v2\/posts"}],"about":[{"href":"https:\/\/www.snowtrex.de\/magazin\/wp-json\/wp\/v2\/types\/post"}],"author":[{"embeddable":true,"href":"https:\/\/www.snowtrex.de\/magazin\/wp-json\/wp\/v2\/users\/172"}],"replies":[{"embeddable":true,"href":"https:\/\/www.snowtrex.de\/magazin\/wp-json\/wp\/v2\/comments?post=16673"}],"version-history":[{"count":16,"href":"https:\/\/www.snowtrex.de\/magazin\/wp-json\/wp\/v2\/posts\/16673\/revisions"}],"predecessor-version":[{"id":59598,"href":"https:\/\/www.snowtrex.de\/magazin\/wp-json\/wp\/v2\/posts\/16673\/revisions\/59598"}],"wp:featuredmedia":[{"embeddable":true,"href":"https:\/\/www.snowtrex.de\/magazin\/wp-json\/wp\/v2\/media\/29882"}],"wp:attachment":[{"href":"https:\/\/www.snowtrex.de\/magazin\/wp-json\/wp\/v2\/media?parent=16673"}],"wp:term":[{"taxonomy":"category","embeddable":true,"href":"https:\/\/www.snowtrex.de\/magazin\/wp-json\/wp\/v2\/categories?post=16673"},{"taxonomy":"post_tag","embeddable":true,"href":"https:\/\/www.snowtrex.de\/magazin\/wp-json\/wp\/v2\/tags?post=16673"}],"curies":[{"name":"wp","href":"https:\/\/api.w.org\/{rel}","templated":true}]}}